{"id":17857,"date":"2026-03-14T14:38:47","date_gmt":"2026-03-14T13:38:47","guid":{"rendered":"https:\/\/jmserrat.com\/joan-manuel-serrat-es-va-convertir-en-doctor-honoris-causa-de-la-uncuyo\/"},"modified":"2026-03-14T14:40:00","modified_gmt":"2026-03-14T13:40:00","slug":"joan-manuel-serrat-es-va-convertir-en-doctor-honoris-causa-de-la-uncuyo","status":"publish","type":"post","link":"https:\/\/jmserrat.com\/ca\/joan-manuel-serrat-es-va-convertir-en-doctor-honoris-causa-de-la-uncuyo\/","title":{"rendered":"Joan Manuel Serrat es va convertir en doctor honoris causa de la UNCUYO"},"content":{"rendered":"<p>[et_pb_section fb_built=&#8221;1&#8243; _builder_version=&#8221;4.24.3&#8243; custom_padding=&#8221;0px||0px||false|false&#8221; global_colors_info=&#8221;{}&#8221;][et_pb_row module_class=&#8221;side-by-side-1&#8243; _builder_version=&#8221;4.27.2&#8243; background_size=&#8221;initial&#8221; background_position=&#8221;top_left&#8221; background_repeat=&#8221;repeat&#8221; width=&#8221;100%&#8221; max_width=&#8221;100%&#8221; custom_padding=&#8221;0px||0px||false|false&#8221; global_colors_info=&#8221;{}&#8221;][et_pb_column type=&#8221;4_4&#8243; _builder_version=&#8221;4.24.3&#8243; custom_padding=&#8221;0px|0px|0px|0px|false|false&#8221; global_colors_info=&#8221;{}&#8221; custom_padding__hover=&#8221;|||&#8221;][et_pb_text _builder_version=&#8221;4.27.6&#8243; text_font_size=&#8221;12px&#8221; text_line_height=&#8221;1.5em&#8221; background_color=&#8221;#ededed&#8221; background_size=&#8221;initial&#8221; background_position=&#8221;top_left&#8221; background_repeat=&#8221;repeat&#8221; width=&#8221;40%&#8221; width_tablet=&#8221;40%&#8221; width_phone=&#8221;100%&#8221; width_last_edited=&#8221;on|phone&#8221; custom_margin=&#8221;||25px||false|false&#8221; custom_padding=&#8221;15px|15px|15px|15px|false|false&#8221; global_colors_info=&#8221;{}&#8221;]<\/p>\n<p><strong>Not\u00edcia:<\/strong> UNCuyo<br \/><strong>Mitj\u00e0:<\/strong> UNCuyo<br \/><strong>Foto:<\/strong> UNCuyo<\/p>\n<figure class=\"wp-block-embed is-type-wp-embed is-provider-efe-noticias wp-block-embed-efe-noticias\"><\/figure>\n<p>[\/et_pb_text][et_pb_text _builder_version=&#8221;4.27.6&#8243; header_4_font=&#8221;&#8211;et_global_body_font||||||||&#8221; header_4_font_size=&#8221;20px&#8221; header_4_line_height=&#8221;1.3em&#8221; background_size=&#8221;initial&#8221; background_position=&#8221;top_left&#8221; background_repeat=&#8221;repeat&#8221; global_colors_info=&#8221;{}&#8221;]<\/p>\n<div class=\"bbc-19j92fr ebmt73l0\" dir=\"ltr\">\n<p>Davant d&#8217;una sala Roja de la Nau UNCUYO plena, Joan Manuel Serrat va rebre el Doctorat honoris causa. El m\u00fasic catal\u00e0 va obtenir el reconeixement m\u00e9s gran que atorga la Universitat Nacional de Cuyo (UNCUYO) amb menci\u00f3 especial al m\u00e8rit politicocultural. <\/p>\n<\/div>\n<p>[\/et_pb_text][et_pb_button button_url=&#8221;https:\/\/www.uncuyo.edu.ar\/prensa\/joan-manuel-serrat-se-convirtio-en-doctor-honoris-causa-de-la-uncuyo&#8221; url_new_window=&#8221;on&#8221; button_text=&#8221;Veieu not\u00edcia&#8221; _builder_version=&#8221;4.27.6&#8243; _module_preset=&#8221;default&#8221; custom_button=&#8221;on&#8221; button_text_size=&#8221;14px&#8221; button_bg_color=&#8221;RGBA(255,255,255,0)&#8221; button_border_width=&#8221;1px&#8221; button_border_color=&#8221;#666666&#8243; button_icon=&#8221;&#x39;||divi||400&#8243; custom_margin=&#8221;||20px||false|false&#8221; custom_padding=&#8221;||||false|false&#8221; global_colors_info=&#8221;{}&#8221; button_border_width__hover_enabled=&#8221;on|hover&#8221; button_border_width__hover=&#8221;0.5px&#8221; button_bg_color__hover_enabled=&#8221;on|hover&#8221; button_bg_color__hover=&#8221;RGBA(255,255,255,0)&#8221; button_border_color__hover_enabled=&#8221;on|hover&#8221; button_border_color__hover=&#8221;#555555&#8243;][\/et_pb_button][\/et_pb_column][\/et_pb_row][\/et_pb_section]<\/p>\n","protected":false},"excerpt":{"rendered":"<p>Davant d&#8217;una sala Roja de la Nau UNCUYO plena, Joan Manuel Serrat va rebre el Doctorat honoris causa. El m\u00fasic catal\u00e0 va obtenir el reconeixement m\u00e9s gran que atorga la Universitat Nacional de Cuyo (UNCUYO) amb menci\u00f3 especial al m\u00e8rit politicocultural. <\/p>\n","protected":false},"author":5,"featured_media":17845,"comment_status":"open","ping_status":"open","sticky":false,"template":"","format":"standard","meta":{"_et_pb_use_builder":"on","_et_pb_old_content":"<p>[et_pb_section fb_built=\"1\" _builder_version=\"4.24.3\" custom_padding=\"0px||0px||false|false\" global_colors_info=\"{}\"][et_pb_row module_class=\"side-by-side-1\" _builder_version=\"4.27.2\" background_size=\"initial\" background_position=\"top_left\" background_repeat=\"repeat\" width=\"100%\" max_width=\"100%\" custom_padding=\"0px||0px||false|false\" global_colors_info=\"{}\"][et_pb_column type=\"4_4\" _builder_version=\"4.24.3\" custom_padding=\"0px|0px|0px|0px|false|false\" global_colors_info=\"{}\" custom_padding__hover=\"|||\"][et_pb_text _builder_version=\"4.27.6\" text_font_size=\"12px\" text_line_height=\"1.5em\" background_color=\"#ededed\" background_size=\"initial\" background_position=\"top_left\" background_repeat=\"repeat\" width=\"40%\" width_tablet=\"40%\" width_phone=\"100%\" width_last_edited=\"on|phone\" custom_margin=\"||25px||false|false\" custom_padding=\"15px|15px|15px|15px|false|false\" hover_enabled=\"0\" global_colors_info=\"{}\" sticky_enabled=\"0\"]<\/p><p><strong>Noticia:<\/strong> Ignacio de la Rosa<br \/><strong>Medio:<\/strong> Los Andes<br \/><strong>Foto:<\/strong> UNCuyo<\/p><figure class=\"wp-block-embed is-type-wp-embed is-provider-efe-noticias wp-block-embed-efe-noticias\"><\/figure><p>[\/et_pb_text][et_pb_text _builder_version=\"4.27.6\" header_4_font=\"--et_global_body_font||||||||\" header_4_font_size=\"20px\" header_4_line_height=\"1.3em\" background_size=\"initial\" background_position=\"top_left\" background_repeat=\"repeat\" hover_enabled=\"0\" global_colors_info=\"{}\" sticky_enabled=\"0\"]<\/p><div class=\"bbc-19j92fr ebmt73l0\" dir=\"ltr\"><p>Joan Manuel Serrat, el legendario cantautor catal\u00e1n de 82 a\u00f1os y autor, entre otras obras, de \"Fiesta\" (de donde pertenece la frase con que arranca esta\u00a0cr\u00f3nica\u00a0en una versi\u00f3n desprolijamente adaptada) fue declarado\u00a0doctor Honoris Causa en la\u00a0UNCuyo.<\/p><\/div><p>[\/et_pb_text][et_pb_button button_url=\"https:\/\/www.losandes.com.ar\/sociedad\/joan-manuel-serrat-doctor-honoris-causa-la-uncuyo-cronica-un-mediodia-emotivo-y-combativo-n5983869\" url_new_window=\"on\" button_text=\"Ver noticia\" _builder_version=\"4.27.6\" _module_preset=\"default\" custom_button=\"on\" button_text_size=\"14px\" button_bg_color=\"RGBA(255,255,255,0)\" button_border_width=\"1px\" button_border_color=\"#666666\" button_icon=\"9||divi||400\" custom_margin=\"||20px||false|false\" custom_padding=\"||||false|false\" hover_enabled=\"0\" global_colors_info=\"{}\" button_border_width__hover_enabled=\"on|hover\" button_border_width__hover=\"0.5px\" button_bg_color__hover_enabled=\"on|hover\" button_bg_color__hover=\"RGBA(255,255,255,0)\" button_border_color__hover_enabled=\"on|hover\" button_border_color__hover=\"#555555\" sticky_enabled=\"0\"][\/et_pb_button][\/et_pb_column][\/et_pb_row][\/et_pb_section]<\/p>","_et_gb_content_width":"","inline_featured_image":false,"footnotes":""},"categories":[65],"tags":[],"class_list":["post-17857","post","type-post","status-publish","format-standard","has-post-thumbnail","hentry","category-actualitat"],"yoast_head":"<!-- This site is optimized with the Yoast SEO plugin v27.4 - https:\/\/yoast.com\/product\/yoast-seo-wordpress\/ -->\n<title>Serrat es va convertir en Doctor Honoris Causa de la UNCUYO<\/title>\n<meta name=\"description\" content=\"Serrat va rebre el Doctorat uonoris causa. El m\u00fasic catal\u00e0 va obtenir el reconeixement m\u00e9s gran que atorga la UNCUYO.\" \/>\n<meta name=\"robots\" content=\"index, follow, max-snippet:-1, max-image-preview:large, max-video-preview:-1\" \/>\n<link rel=\"canonical\" href=\"https:\/\/jmserrat.com\/ca\/joan-manuel-serrat-es-va-convertir-en-doctor-honoris-causa-de-la-uncuyo\/\" \/>\n<meta property=\"og:locale\" content=\"ca_ES\" \/>\n<meta property=\"og:type\" content=\"article\" \/>\n<meta property=\"og:title\" content=\"Joan Manuel Serrat es va convertir en doctor honoris causa de la UNCUYO\" \/>\n<meta property=\"og:description\" content=\"Davant d&#039;una sala Roja de la Nau UNCUYO plena, Joan Manuel Serrat va rebre el Doctorat honoris causa. El m\u00fasic catal\u00e0 va obtenir el reconeixement m\u00e9s gran que atorga la Universitat Nacional de Cuyo (UNCUYO) amb menci\u00f3 especial al m\u00e8rit politicocultural.\" \/>\n<meta property=\"og:url\" content=\"https:\/\/jmserrat.com\/ca\/joan-manuel-serrat-es-va-convertir-en-doctor-honoris-causa-de-la-uncuyo\/\" \/>\n<meta property=\"og:site_name\" content=\"Joan Manuel Serrat\" \/>\n<meta property=\"article:publisher\" content=\"https:\/\/www.facebook.com\/joanmanuelserrat.oficial\" \/>\n<meta property=\"article:published_time\" content=\"2026-03-14T13:38:47+00:00\" \/>\n<meta property=\"article:modified_time\" content=\"2026-03-14T13:40:00+00:00\" \/>\n<meta property=\"og:image\" content=\"https:\/\/jmserrat.com\/wp-content\/uploads\/2026\/03\/serrat-uncuyo-honoris-causa-03.jpg\" \/>\n<meta name=\"author\" content=\"Xavi\" \/>\n<meta name=\"twitter:card\" content=\"summary_large_image\" \/>\n<meta name=\"twitter:label1\" content=\"Escrit per\" \/>\n\t<meta name=\"twitter:data1\" content=\"Xavi\" \/>\n\t<meta name=\"twitter:label2\" content=\"Temps estimat de lectura\" \/>\n\t<meta name=\"twitter:data2\" content=\"1 minut\" \/>\n<script type=\"application\/ld+json\" class=\"yoast-schema-graph\">{\"@context\":\"https:\\\/\\\/schema.org\",\"@graph\":[{\"@type\":\"Article\",\"@id\":\"https:\\\/\\\/jmserrat.com\\\/ca\\\/joan-manuel-serrat-es-va-convertir-en-doctor-honoris-causa-de-la-uncuyo\\\/#article\",\"isPartOf\":{\"@id\":\"https:\\\/\\\/jmserrat.com\\\/ca\\\/joan-manuel-serrat-es-va-convertir-en-doctor-honoris-causa-de-la-uncuyo\\\/\"},\"author\":{\"name\":\"Xavi\",\"@id\":\"https:\\\/\\\/jmserrat.com\\\/#\\\/schema\\\/person\\\/cad209d3cb0e4a7f3271011c5cd9f47f\"},\"headline\":\"Joan Manuel Serrat es va convertir en doctor honoris causa de la UNCUYO\",\"datePublished\":\"2026-03-14T13:38:47+00:00\",\"dateModified\":\"2026-03-14T13:40:00+00:00\",\"mainEntityOfPage\":{\"@id\":\"https:\\\/\\\/jmserrat.com\\\/ca\\\/joan-manuel-serrat-es-va-convertir-en-doctor-honoris-causa-de-la-uncuyo\\\/\"},\"wordCount\":328,\"commentCount\":0,\"publisher\":{\"@id\":\"https:\\\/\\\/jmserrat.com\\\/#organization\"},\"image\":{\"@id\":\"https:\\\/\\\/jmserrat.com\\\/ca\\\/joan-manuel-serrat-es-va-convertir-en-doctor-honoris-causa-de-la-uncuyo\\\/#primaryimage\"},\"thumbnailUrl\":\"https:\\\/\\\/jmserrat.com\\\/wp-content\\\/uploads\\\/2026\\\/03\\\/serrat-uncuyo-honoris-causa-03.jpg\",\"articleSection\":[\"Actualitat\"],\"inLanguage\":\"ca\",\"potentialAction\":[{\"@type\":\"CommentAction\",\"name\":\"Comment\",\"target\":[\"https:\\\/\\\/jmserrat.com\\\/ca\\\/joan-manuel-serrat-es-va-convertir-en-doctor-honoris-causa-de-la-uncuyo\\\/#respond\"]}]},{\"@type\":\"WebPage\",\"@id\":\"https:\\\/\\\/jmserrat.com\\\/ca\\\/joan-manuel-serrat-es-va-convertir-en-doctor-honoris-causa-de-la-uncuyo\\\/\",\"url\":\"https:\\\/\\\/jmserrat.com\\\/ca\\\/joan-manuel-serrat-es-va-convertir-en-doctor-honoris-causa-de-la-uncuyo\\\/\",\"name\":\"Serrat es va convertir en Doctor Honoris Causa de la UNCUYO\",\"isPartOf\":{\"@id\":\"https:\\\/\\\/jmserrat.com\\\/#website\"},\"primaryImageOfPage\":{\"@id\":\"https:\\\/\\\/jmserrat.com\\\/ca\\\/joan-manuel-serrat-es-va-convertir-en-doctor-honoris-causa-de-la-uncuyo\\\/#primaryimage\"},\"image\":{\"@id\":\"https:\\\/\\\/jmserrat.com\\\/ca\\\/joan-manuel-serrat-es-va-convertir-en-doctor-honoris-causa-de-la-uncuyo\\\/#primaryimage\"},\"thumbnailUrl\":\"https:\\\/\\\/jmserrat.com\\\/wp-content\\\/uploads\\\/2026\\\/03\\\/serrat-uncuyo-honoris-causa-03.jpg\",\"datePublished\":\"2026-03-14T13:38:47+00:00\",\"dateModified\":\"2026-03-14T13:40:00+00:00\",\"description\":\"Serrat va rebre el Doctorat uonoris causa. El m\u00fasic catal\u00e0 va obtenir el reconeixement m\u00e9s gran que atorga la UNCUYO.\",\"inLanguage\":\"ca\",\"potentialAction\":[{\"@type\":\"ReadAction\",\"target\":[\"https:\\\/\\\/jmserrat.com\\\/ca\\\/joan-manuel-serrat-es-va-convertir-en-doctor-honoris-causa-de-la-uncuyo\\\/\"]}]},{\"@type\":\"ImageObject\",\"inLanguage\":\"ca\",\"@id\":\"https:\\\/\\\/jmserrat.com\\\/ca\\\/joan-manuel-serrat-es-va-convertir-en-doctor-honoris-causa-de-la-uncuyo\\\/#primaryimage\",\"url\":\"https:\\\/\\\/jmserrat.com\\\/wp-content\\\/uploads\\\/2026\\\/03\\\/serrat-uncuyo-honoris-causa-03.jpg\",\"contentUrl\":\"https:\\\/\\\/jmserrat.com\\\/wp-content\\\/uploads\\\/2026\\\/03\\\/serrat-uncuyo-honoris-causa-03.jpg\",\"width\":1000,\"height\":615},{\"@type\":\"WebSite\",\"@id\":\"https:\\\/\\\/jmserrat.com\\\/#website\",\"url\":\"https:\\\/\\\/jmserrat.com\\\/\",\"name\":\"Joan Manuel Serrat\",\"description\":\"Joan Manuel Serrat\",\"publisher\":{\"@id\":\"https:\\\/\\\/jmserrat.com\\\/#organization\"},\"alternateName\":\"Joan Manuel Serrat\",\"potentialAction\":[{\"@type\":\"SearchAction\",\"target\":{\"@type\":\"EntryPoint\",\"urlTemplate\":\"https:\\\/\\\/jmserrat.com\\\/?s={search_term_string}\"},\"query-input\":{\"@type\":\"PropertyValueSpecification\",\"valueRequired\":true,\"valueName\":\"search_term_string\"}}],\"inLanguage\":\"ca\"},{\"@type\":\"Organization\",\"@id\":\"https:\\\/\\\/jmserrat.com\\\/#organization\",\"name\":\"Joan Manuel Serrat\",\"alternateName\":\"Joan Manuel Serrat\",\"url\":\"https:\\\/\\\/jmserrat.com\\\/\",\"logo\":{\"@type\":\"ImageObject\",\"inLanguage\":\"ca\",\"@id\":\"https:\\\/\\\/jmserrat.com\\\/#\\\/schema\\\/logo\\\/image\\\/\",\"url\":\"https:\\\/\\\/jmserrat.com\\\/wp-content\\\/uploads\\\/2021\\\/12\\\/JoanManuelSerratnegro.svg\",\"contentUrl\":\"https:\\\/\\\/jmserrat.com\\\/wp-content\\\/uploads\\\/2021\\\/12\\\/JoanManuelSerratnegro.svg\",\"width\":211,\"height\":19,\"caption\":\"Joan Manuel Serrat\"},\"image\":{\"@id\":\"https:\\\/\\\/jmserrat.com\\\/#\\\/schema\\\/logo\\\/image\\\/\"},\"sameAs\":[\"https:\\\/\\\/www.facebook.com\\\/joanmanuelserrat.oficial\",\"https:\\\/\\\/www.instagram.com\\\/jmserrat.oficial\\\/\"]},{\"@type\":\"Person\",\"@id\":\"https:\\\/\\\/jmserrat.com\\\/#\\\/schema\\\/person\\\/cad209d3cb0e4a7f3271011c5cd9f47f\",\"name\":\"Xavi\",\"image\":{\"@type\":\"ImageObject\",\"inLanguage\":\"ca\",\"@id\":\"https:\\\/\\\/secure.gravatar.com\\\/avatar\\\/88a4a32c991d3fc2808fc0037f170f37f664f18da82fcb23ddee8363d2eaa005?s=96&d=mm&r=g\",\"url\":\"https:\\\/\\\/secure.gravatar.com\\\/avatar\\\/88a4a32c991d3fc2808fc0037f170f37f664f18da82fcb23ddee8363d2eaa005?s=96&d=mm&r=g\",\"contentUrl\":\"https:\\\/\\\/secure.gravatar.com\\\/avatar\\\/88a4a32c991d3fc2808fc0037f170f37f664f18da82fcb23ddee8363d2eaa005?s=96&d=mm&r=g\",\"caption\":\"Xavi\"},\"url\":\"https:\\\/\\\/jmserrat.com\\\/ca\\\/author\\\/sweethomes\\\/\"}]}<\/script>\n<!-- \/ Yoast SEO plugin. -->","yoast_head_json":{"title":"Serrat es va convertir en Doctor Honoris Causa de la UNCUYO","description":"Serrat va rebre el Doctorat uonoris causa. El m\u00fasic catal\u00e0 va obtenir el reconeixement m\u00e9s gran que atorga la UNCUYO.","robots":{"index":"index","follow":"follow","max-snippet":"max-snippet:-1","max-image-preview":"max-image-preview:large","max-video-preview":"max-video-preview:-1"},"canonical":"https:\/\/jmserrat.com\/ca\/joan-manuel-serrat-es-va-convertir-en-doctor-honoris-causa-de-la-uncuyo\/","og_locale":"ca_ES","og_type":"article","og_title":"Joan Manuel Serrat es va convertir en doctor honoris causa de la UNCUYO","og_description":"Davant d'una sala Roja de la Nau UNCUYO plena, Joan Manuel Serrat va rebre el Doctorat honoris causa. El m\u00fasic catal\u00e0 va obtenir el reconeixement m\u00e9s gran que atorga la Universitat Nacional de Cuyo (UNCUYO) amb menci\u00f3 especial al m\u00e8rit politicocultural.","og_url":"https:\/\/jmserrat.com\/ca\/joan-manuel-serrat-es-va-convertir-en-doctor-honoris-causa-de-la-uncuyo\/","og_site_name":"Joan Manuel Serrat","article_publisher":"https:\/\/www.facebook.com\/joanmanuelserrat.oficial","article_published_time":"2026-03-14T13:38:47+00:00","article_modified_time":"2026-03-14T13:40:00+00:00","og_image":[{"url":"https:\/\/jmserrat.com\/wp-content\/uploads\/2026\/03\/serrat-uncuyo-honoris-causa-03.jpg","type":"","width":"","height":""}],"author":"Xavi","twitter_card":"summary_large_image","twitter_misc":{"Escrit per":"Xavi","Temps estimat de lectura":"1 minut"},"schema":{"@context":"https:\/\/schema.org","@graph":[{"@type":"Article","@id":"https:\/\/jmserrat.com\/ca\/joan-manuel-serrat-es-va-convertir-en-doctor-honoris-causa-de-la-uncuyo\/#article","isPartOf":{"@id":"https:\/\/jmserrat.com\/ca\/joan-manuel-serrat-es-va-convertir-en-doctor-honoris-causa-de-la-uncuyo\/"},"author":{"name":"Xavi","@id":"https:\/\/jmserrat.com\/#\/schema\/person\/cad209d3cb0e4a7f3271011c5cd9f47f"},"headline":"Joan Manuel Serrat es va convertir en doctor honoris causa de la UNCUYO","datePublished":"2026-03-14T13:38:47+00:00","dateModified":"2026-03-14T13:40:00+00:00","mainEntityOfPage":{"@id":"https:\/\/jmserrat.com\/ca\/joan-manuel-serrat-es-va-convertir-en-doctor-honoris-causa-de-la-uncuyo\/"},"wordCount":328,"commentCount":0,"publisher":{"@id":"https:\/\/jmserrat.com\/#organization"},"image":{"@id":"https:\/\/jmserrat.com\/ca\/joan-manuel-serrat-es-va-convertir-en-doctor-honoris-causa-de-la-uncuyo\/#primaryimage"},"thumbnailUrl":"https:\/\/jmserrat.com\/wp-content\/uploads\/2026\/03\/serrat-uncuyo-honoris-causa-03.jpg","articleSection":["Actualitat"],"inLanguage":"ca","potentialAction":[{"@type":"CommentAction","name":"Comment","target":["https:\/\/jmserrat.com\/ca\/joan-manuel-serrat-es-va-convertir-en-doctor-honoris-causa-de-la-uncuyo\/#respond"]}]},{"@type":"WebPage","@id":"https:\/\/jmserrat.com\/ca\/joan-manuel-serrat-es-va-convertir-en-doctor-honoris-causa-de-la-uncuyo\/","url":"https:\/\/jmserrat.com\/ca\/joan-manuel-serrat-es-va-convertir-en-doctor-honoris-causa-de-la-uncuyo\/","name":"Serrat es va convertir en Doctor Honoris Causa de la UNCUYO","isPartOf":{"@id":"https:\/\/jmserrat.com\/#website"},"primaryImageOfPage":{"@id":"https:\/\/jmserrat.com\/ca\/joan-manuel-serrat-es-va-convertir-en-doctor-honoris-causa-de-la-uncuyo\/#primaryimage"},"image":{"@id":"https:\/\/jmserrat.com\/ca\/joan-manuel-serrat-es-va-convertir-en-doctor-honoris-causa-de-la-uncuyo\/#primaryimage"},"thumbnailUrl":"https:\/\/jmserrat.com\/wp-content\/uploads\/2026\/03\/serrat-uncuyo-honoris-causa-03.jpg","datePublished":"2026-03-14T13:38:47+00:00","dateModified":"2026-03-14T13:40:00+00:00","description":"Serrat va rebre el Doctorat uonoris causa. El m\u00fasic catal\u00e0 va obtenir el reconeixement m\u00e9s gran que atorga la UNCUYO.","inLanguage":"ca","potentialAction":[{"@type":"ReadAction","target":["https:\/\/jmserrat.com\/ca\/joan-manuel-serrat-es-va-convertir-en-doctor-honoris-causa-de-la-uncuyo\/"]}]},{"@type":"ImageObject","inLanguage":"ca","@id":"https:\/\/jmserrat.com\/ca\/joan-manuel-serrat-es-va-convertir-en-doctor-honoris-causa-de-la-uncuyo\/#primaryimage","url":"https:\/\/jmserrat.com\/wp-content\/uploads\/2026\/03\/serrat-uncuyo-honoris-causa-03.jpg","contentUrl":"https:\/\/jmserrat.com\/wp-content\/uploads\/2026\/03\/serrat-uncuyo-honoris-causa-03.jpg","width":1000,"height":615},{"@type":"WebSite","@id":"https:\/\/jmserrat.com\/#website","url":"https:\/\/jmserrat.com\/","name":"Joan Manuel Serrat","description":"Joan Manuel Serrat","publisher":{"@id":"https:\/\/jmserrat.com\/#organization"},"alternateName":"Joan Manuel Serrat","potentialAction":[{"@type":"SearchAction","target":{"@type":"EntryPoint","urlTemplate":"https:\/\/jmserrat.com\/?s={search_term_string}"},"query-input":{"@type":"PropertyValueSpecification","valueRequired":true,"valueName":"search_term_string"}}],"inLanguage":"ca"},{"@type":"Organization","@id":"https:\/\/jmserrat.com\/#organization","name":"Joan Manuel Serrat","alternateName":"Joan Manuel Serrat","url":"https:\/\/jmserrat.com\/","logo":{"@type":"ImageObject","inLanguage":"ca","@id":"https:\/\/jmserrat.com\/#\/schema\/logo\/image\/","url":"https:\/\/jmserrat.com\/wp-content\/uploads\/2021\/12\/JoanManuelSerratnegro.svg","contentUrl":"https:\/\/jmserrat.com\/wp-content\/uploads\/2021\/12\/JoanManuelSerratnegro.svg","width":211,"height":19,"caption":"Joan Manuel Serrat"},"image":{"@id":"https:\/\/jmserrat.com\/#\/schema\/logo\/image\/"},"sameAs":["https:\/\/www.facebook.com\/joanmanuelserrat.oficial","https:\/\/www.instagram.com\/jmserrat.oficial\/"]},{"@type":"Person","@id":"https:\/\/jmserrat.com\/#\/schema\/person\/cad209d3cb0e4a7f3271011c5cd9f47f","name":"Xavi","image":{"@type":"ImageObject","inLanguage":"ca","@id":"https:\/\/secure.gravatar.com\/avatar\/88a4a32c991d3fc2808fc0037f170f37f664f18da82fcb23ddee8363d2eaa005?s=96&d=mm&r=g","url":"https:\/\/secure.gravatar.com\/avatar\/88a4a32c991d3fc2808fc0037f170f37f664f18da82fcb23ddee8363d2eaa005?s=96&d=mm&r=g","contentUrl":"https:\/\/secure.gravatar.com\/avatar\/88a4a32c991d3fc2808fc0037f170f37f664f18da82fcb23ddee8363d2eaa005?s=96&d=mm&r=g","caption":"Xavi"},"url":"https:\/\/jmserrat.com\/ca\/author\/sweethomes\/"}]}},"_links":{"self":[{"href":"https:\/\/jmserrat.com\/ca\/wp-json\/wp\/v2\/posts\/17857","targetHints":{"allow":["GET"]}}],"collection":[{"href":"https:\/\/jmserrat.com\/ca\/wp-json\/wp\/v2\/posts"}],"about":[{"href":"https:\/\/jmserrat.com\/ca\/wp-json\/wp\/v2\/types\/post"}],"author":[{"embeddable":true,"href":"https:\/\/jmserrat.com\/ca\/wp-json\/wp\/v2\/users\/5"}],"replies":[{"embeddable":true,"href":"https:\/\/jmserrat.com\/ca\/wp-json\/wp\/v2\/comments?post=17857"}],"version-history":[{"count":6,"href":"https:\/\/jmserrat.com\/ca\/wp-json\/wp\/v2\/posts\/17857\/revisions"}],"predecessor-version":[{"id":17863,"href":"https:\/\/jmserrat.com\/ca\/wp-json\/wp\/v2\/posts\/17857\/revisions\/17863"}],"wp:featuredmedia":[{"embeddable":true,"href":"https:\/\/jmserrat.com\/ca\/wp-json\/wp\/v2\/media\/17845"}],"wp:attachment":[{"href":"https:\/\/jmserrat.com\/ca\/wp-json\/wp\/v2\/media?parent=17857"}],"wp:term":[{"taxonomy":"category","embeddable":true,"href":"https:\/\/jmserrat.com\/ca\/wp-json\/wp\/v2\/categories?post=17857"},{"taxonomy":"post_tag","embeddable":true,"href":"https:\/\/jmserrat.com\/ca\/wp-json\/wp\/v2\/tags?post=17857"}],"curies":[{"name":"wp","href":"https:\/\/api.w.org\/{rel}","templated":true}]}}