{"id":17786,"date":"2026-03-13T11:26:45","date_gmt":"2026-03-13T10:26:45","guid":{"rendered":"https:\/\/jmserrat.com\/emotivo-concierto-homenaje-a-joan-manuel-serrat-en-la-uncuyo\/"},"modified":"2026-03-13T13:35:04","modified_gmt":"2026-03-13T12:35:04","slug":"emotiu-concert-homenatge-a-joan-manuel-serrat-a-la-uncuyo","status":"publish","type":"post","link":"https:\/\/jmserrat.com\/ca\/emotiu-concert-homenatge-a-joan-manuel-serrat-a-la-uncuyo\/","title":{"rendered":"Emotiu concert homenatge a Joan Manuel Serrat a la UNCUYO"},"content":{"rendered":"<p>[et_pb_section fb_built=&#8221;1&#8243; _builder_version=&#8221;4.24.3&#8243; custom_padding=&#8221;0px||0px||false|false&#8221; global_colors_info=&#8221;{}&#8221;][et_pb_row module_class=&#8221;side-by-side-1&#8243; _builder_version=&#8221;4.27.2&#8243; background_size=&#8221;initial&#8221; background_position=&#8221;top_left&#8221; background_repeat=&#8221;repeat&#8221; width=&#8221;100%&#8221; max_width=&#8221;100%&#8221; custom_padding=&#8221;0px||0px||false|false&#8221; global_colors_info=&#8221;{}&#8221;][et_pb_column type=&#8221;4_4&#8243; _builder_version=&#8221;4.24.3&#8243; custom_padding=&#8221;0px|0px|0px|0px|false|false&#8221; global_colors_info=&#8221;{}&#8221; custom_padding__hover=&#8221;|||&#8221;][et_pb_text _builder_version=&#8221;4.27.6&#8243; text_font_size=&#8221;12px&#8221; text_line_height=&#8221;1.5em&#8221; background_color=&#8221;#ededed&#8221; background_size=&#8221;initial&#8221; background_position=&#8221;top_left&#8221; background_repeat=&#8221;repeat&#8221; width=&#8221;40%&#8221; width_tablet=&#8221;40%&#8221; width_phone=&#8221;100%&#8221; width_last_edited=&#8221;on|phone&#8221; custom_margin=&#8221;||25px||false|false&#8221; custom_padding=&#8221;15px|15px|15px|15px|false|false&#8221; global_colors_info=&#8221;{}&#8221;]<\/p>\n<p><strong>Not\u00edcia:<\/strong> UNCUYO Prensa Institucional<br \/><strong>Mitj\u00e0:<\/strong> UNCUYO Prensa Institucional<br \/><strong>Foto:<\/strong> UNCUYO Prensa Institucional<\/p>\n<figure class=\"wp-block-embed is-type-wp-embed is-provider-efe-noticias wp-block-embed-efe-noticias\"><\/figure>\n<p>[\/et_pb_text][et_pb_text _builder_version=&#8221;4.27.6&#8243; header_4_font=&#8221;&#8211;et_global_body_font||||||||&#8221; header_4_font_size=&#8221;20px&#8221; header_4_line_height=&#8221;1.3em&#8221; background_size=&#8221;initial&#8221; background_position=&#8221;top_left&#8221; background_repeat=&#8221;repeat&#8221; global_colors_info=&#8221;{}&#8221;]<\/p>\n<div class=\"bbc-19j92fr ebmt73l0\" dir=\"ltr\">\n<p>El cantant i compositor espanyol Joan Manuel Serrat va arribar a Mendoza i, com estava previst, la Universitat Nacional de Cuyo (UNCUYO) el va afalagar amb un concert homenatge de gran jerarquia artisticocultural, en el que va ser l&#8217;avantsala de la distinci\u00f3 honor\u00edfica que rebr\u00e0 dem\u00e0 divendres al migdia.<\/p>\n<\/div>\n<p>[\/et_pb_text][et_pb_button button_url=&#8221;https:\/\/www.uncuyo.edu.ar\/prensa\/emotivo-concierto-homenaje-a-joan-manuel-serrat-en-la-uncuyo&#8221; url_new_window=&#8221;on&#8221; button_text=&#8221;Veieu not\u00edcia&#8221; _builder_version=&#8221;4.27.6&#8243; _module_preset=&#8221;default&#8221; custom_button=&#8221;on&#8221; button_text_size=&#8221;14px&#8221; button_bg_color=&#8221;RGBA(255,255,255,0)&#8221; button_border_width=&#8221;1px&#8221; button_border_color=&#8221;#666666&#8243; button_icon=&#8221;&#x39;||divi||400&#8243; custom_margin=&#8221;||20px||false|false&#8221; custom_padding=&#8221;||||false|false&#8221; global_colors_info=&#8221;{}&#8221; button_border_width__hover_enabled=&#8221;on|hover&#8221; button_border_width__hover=&#8221;0.5px&#8221; button_bg_color__hover_enabled=&#8221;on|hover&#8221; button_bg_color__hover=&#8221;RGBA(255,255,255,0)&#8221; button_border_color__hover_enabled=&#8221;on|hover&#8221; button_border_color__hover=&#8221;#555555&#8243;][\/et_pb_button][\/et_pb_column][\/et_pb_row][\/et_pb_section]<\/p>\n","protected":false},"excerpt":{"rendered":"<p>El cantant i compositor espanyol Joan Manuel Serrat va arribar a Mendoza i, com estava previst, la Universitat Nacional de Cuyo (UNCUYO) el va afalagar amb un concert homenatge de gran jerarquia artisticocultural, en el que va ser l&#8217;avantsala de la distinci\u00f3 honor\u00edfica que rebr\u00e0 dem\u00e0 divendres al migdia.<\/p>\n","protected":false},"author":5,"featured_media":17785,"comment_status":"open","ping_status":"open","sticky":false,"template":"","format":"standard","meta":{"_et_pb_use_builder":"on","_et_pb_old_content":"","_et_gb_content_width":"","inline_featured_image":false,"footnotes":""},"categories":[65],"tags":[],"class_list":["post-17786","post","type-post","status-publish","format-standard","has-post-thumbnail","hentry","category-actualitat"],"yoast_head":"<!-- This site is optimized with the Yoast SEO plugin v27.4 - https:\/\/yoast.com\/product\/yoast-seo-wordpress\/ -->\n<title>Emotiu concert homenatge a Joan Manuel Serrat a la UNCUYO<\/title>\n<meta name=\"description\" content=\"El cantant i compositor espanyol Joan Manuel Serrat va arribar a Mendoza i la UNCUYO el va afalagar amb un concert homenatge.\" \/>\n<meta name=\"robots\" content=\"index, follow, max-snippet:-1, max-image-preview:large, max-video-preview:-1\" \/>\n<link rel=\"canonical\" href=\"https:\/\/jmserrat.com\/ca\/emotiu-concert-homenatge-a-joan-manuel-serrat-a-la-uncuyo\/\" \/>\n<meta property=\"og:locale\" content=\"ca_ES\" \/>\n<meta property=\"og:type\" content=\"article\" \/>\n<meta property=\"og:title\" content=\"Emotiu concert homenatge a Joan Manuel Serrat a la UNCUYO\" \/>\n<meta property=\"og:description\" content=\"El cantant i compositor espanyol Joan Manuel Serrat va arribar a Mendoza i, com estava previst, la Universitat Nacional de Cuyo (UNCUYO) el va afalagar amb un concert homenatge de gran jerarquia artisticocultural, en el que va ser l&#039;avantsala de la distinci\u00f3 honor\u00edfica que rebr\u00e0 dem\u00e0 divendres al migdia.\" \/>\n<meta property=\"og:url\" content=\"https:\/\/jmserrat.com\/ca\/emotiu-concert-homenatge-a-joan-manuel-serrat-a-la-uncuyo\/\" \/>\n<meta property=\"og:site_name\" content=\"Joan Manuel Serrat\" \/>\n<meta property=\"article:publisher\" content=\"https:\/\/www.facebook.com\/joanmanuelserrat.oficial\" \/>\n<meta property=\"article:published_time\" content=\"2026-03-13T10:26:45+00:00\" \/>\n<meta property=\"article:modified_time\" content=\"2026-03-13T12:35:04+00:00\" \/>\n<meta property=\"og:image\" content=\"https:\/\/jmserrat.com\/wp-content\/uploads\/2026\/03\/serrat-concert-uncuyo.jpg\" \/>\n<meta name=\"author\" content=\"Xavi\" \/>\n<meta name=\"twitter:card\" content=\"summary_large_image\" \/>\n<meta name=\"twitter:label1\" content=\"Escrit per\" \/>\n\t<meta name=\"twitter:data1\" content=\"Xavi\" \/>\n\t<meta name=\"twitter:label2\" content=\"Temps estimat de lectura\" \/>\n\t<meta name=\"twitter:data2\" content=\"1 minut\" \/>\n<script type=\"application\/ld+json\" class=\"yoast-schema-graph\">{\"@context\":\"https:\\\/\\\/schema.org\",\"@graph\":[{\"@type\":\"Article\",\"@id\":\"https:\\\/\\\/jmserrat.com\\\/ca\\\/emotiu-concert-homenatge-a-joan-manuel-serrat-a-la-uncuyo\\\/#article\",\"isPartOf\":{\"@id\":\"https:\\\/\\\/jmserrat.com\\\/ca\\\/emotiu-concert-homenatge-a-joan-manuel-serrat-a-la-uncuyo\\\/\"},\"author\":{\"name\":\"Xavi\",\"@id\":\"https:\\\/\\\/jmserrat.com\\\/#\\\/schema\\\/person\\\/cad209d3cb0e4a7f3271011c5cd9f47f\"},\"headline\":\"Emotiu concert homenatge a Joan Manuel Serrat a la UNCUYO\",\"datePublished\":\"2026-03-13T10:26:45+00:00\",\"dateModified\":\"2026-03-13T12:35:04+00:00\",\"mainEntityOfPage\":{\"@id\":\"https:\\\/\\\/jmserrat.com\\\/ca\\\/emotiu-concert-homenatge-a-joan-manuel-serrat-a-la-uncuyo\\\/\"},\"wordCount\":337,\"commentCount\":0,\"publisher\":{\"@id\":\"https:\\\/\\\/jmserrat.com\\\/#organization\"},\"image\":{\"@id\":\"https:\\\/\\\/jmserrat.com\\\/ca\\\/emotiu-concert-homenatge-a-joan-manuel-serrat-a-la-uncuyo\\\/#primaryimage\"},\"thumbnailUrl\":\"https:\\\/\\\/jmserrat.com\\\/wp-content\\\/uploads\\\/2026\\\/03\\\/serrat-concert-uncuyo.jpg\",\"articleSection\":[\"Actualitat\"],\"inLanguage\":\"ca\",\"potentialAction\":[{\"@type\":\"CommentAction\",\"name\":\"Comment\",\"target\":[\"https:\\\/\\\/jmserrat.com\\\/ca\\\/emotiu-concert-homenatge-a-joan-manuel-serrat-a-la-uncuyo\\\/#respond\"]}]},{\"@type\":\"WebPage\",\"@id\":\"https:\\\/\\\/jmserrat.com\\\/ca\\\/emotiu-concert-homenatge-a-joan-manuel-serrat-a-la-uncuyo\\\/\",\"url\":\"https:\\\/\\\/jmserrat.com\\\/ca\\\/emotiu-concert-homenatge-a-joan-manuel-serrat-a-la-uncuyo\\\/\",\"name\":\"Emotiu concert homenatge a Joan Manuel Serrat a la UNCUYO\",\"isPartOf\":{\"@id\":\"https:\\\/\\\/jmserrat.com\\\/#website\"},\"primaryImageOfPage\":{\"@id\":\"https:\\\/\\\/jmserrat.com\\\/ca\\\/emotiu-concert-homenatge-a-joan-manuel-serrat-a-la-uncuyo\\\/#primaryimage\"},\"image\":{\"@id\":\"https:\\\/\\\/jmserrat.com\\\/ca\\\/emotiu-concert-homenatge-a-joan-manuel-serrat-a-la-uncuyo\\\/#primaryimage\"},\"thumbnailUrl\":\"https:\\\/\\\/jmserrat.com\\\/wp-content\\\/uploads\\\/2026\\\/03\\\/serrat-concert-uncuyo.jpg\",\"datePublished\":\"2026-03-13T10:26:45+00:00\",\"dateModified\":\"2026-03-13T12:35:04+00:00\",\"description\":\"El cantant i compositor espanyol Joan Manuel Serrat va arribar a Mendoza i la UNCUYO el va afalagar amb un concert homenatge.\",\"inLanguage\":\"ca\",\"potentialAction\":[{\"@type\":\"ReadAction\",\"target\":[\"https:\\\/\\\/jmserrat.com\\\/ca\\\/emotiu-concert-homenatge-a-joan-manuel-serrat-a-la-uncuyo\\\/\"]}]},{\"@type\":\"ImageObject\",\"inLanguage\":\"ca\",\"@id\":\"https:\\\/\\\/jmserrat.com\\\/ca\\\/emotiu-concert-homenatge-a-joan-manuel-serrat-a-la-uncuyo\\\/#primaryimage\",\"url\":\"https:\\\/\\\/jmserrat.com\\\/wp-content\\\/uploads\\\/2026\\\/03\\\/serrat-concert-uncuyo.jpg\",\"contentUrl\":\"https:\\\/\\\/jmserrat.com\\\/wp-content\\\/uploads\\\/2026\\\/03\\\/serrat-concert-uncuyo.jpg\",\"width\":1000,\"height\":667},{\"@type\":\"WebSite\",\"@id\":\"https:\\\/\\\/jmserrat.com\\\/#website\",\"url\":\"https:\\\/\\\/jmserrat.com\\\/\",\"name\":\"Joan Manuel Serrat\",\"description\":\"Joan Manuel Serrat\",\"publisher\":{\"@id\":\"https:\\\/\\\/jmserrat.com\\\/#organization\"},\"alternateName\":\"Joan Manuel Serrat\",\"potentialAction\":[{\"@type\":\"SearchAction\",\"target\":{\"@type\":\"EntryPoint\",\"urlTemplate\":\"https:\\\/\\\/jmserrat.com\\\/?s={search_term_string}\"},\"query-input\":{\"@type\":\"PropertyValueSpecification\",\"valueRequired\":true,\"valueName\":\"search_term_string\"}}],\"inLanguage\":\"ca\"},{\"@type\":\"Organization\",\"@id\":\"https:\\\/\\\/jmserrat.com\\\/#organization\",\"name\":\"Joan Manuel Serrat\",\"alternateName\":\"Joan Manuel Serrat\",\"url\":\"https:\\\/\\\/jmserrat.com\\\/\",\"logo\":{\"@type\":\"ImageObject\",\"inLanguage\":\"ca\",\"@id\":\"https:\\\/\\\/jmserrat.com\\\/#\\\/schema\\\/logo\\\/image\\\/\",\"url\":\"https:\\\/\\\/jmserrat.com\\\/wp-content\\\/uploads\\\/2021\\\/12\\\/JoanManuelSerratnegro.svg\",\"contentUrl\":\"https:\\\/\\\/jmserrat.com\\\/wp-content\\\/uploads\\\/2021\\\/12\\\/JoanManuelSerratnegro.svg\",\"width\":211,\"height\":19,\"caption\":\"Joan Manuel Serrat\"},\"image\":{\"@id\":\"https:\\\/\\\/jmserrat.com\\\/#\\\/schema\\\/logo\\\/image\\\/\"},\"sameAs\":[\"https:\\\/\\\/www.facebook.com\\\/joanmanuelserrat.oficial\",\"https:\\\/\\\/www.instagram.com\\\/jmserrat.oficial\\\/\"]},{\"@type\":\"Person\",\"@id\":\"https:\\\/\\\/jmserrat.com\\\/#\\\/schema\\\/person\\\/cad209d3cb0e4a7f3271011c5cd9f47f\",\"name\":\"Xavi\",\"image\":{\"@type\":\"ImageObject\",\"inLanguage\":\"ca\",\"@id\":\"https:\\\/\\\/secure.gravatar.com\\\/avatar\\\/88a4a32c991d3fc2808fc0037f170f37f664f18da82fcb23ddee8363d2eaa005?s=96&d=mm&r=g\",\"url\":\"https:\\\/\\\/secure.gravatar.com\\\/avatar\\\/88a4a32c991d3fc2808fc0037f170f37f664f18da82fcb23ddee8363d2eaa005?s=96&d=mm&r=g\",\"contentUrl\":\"https:\\\/\\\/secure.gravatar.com\\\/avatar\\\/88a4a32c991d3fc2808fc0037f170f37f664f18da82fcb23ddee8363d2eaa005?s=96&d=mm&r=g\",\"caption\":\"Xavi\"},\"url\":\"https:\\\/\\\/jmserrat.com\\\/ca\\\/author\\\/sweethomes\\\/\"}]}<\/script>\n<!-- \/ Yoast SEO plugin. -->","yoast_head_json":{"title":"Emotiu concert homenatge a Joan Manuel Serrat a la UNCUYO","description":"El cantant i compositor espanyol Joan Manuel Serrat va arribar a Mendoza i la UNCUYO el va afalagar amb un concert homenatge.","robots":{"index":"index","follow":"follow","max-snippet":"max-snippet:-1","max-image-preview":"max-image-preview:large","max-video-preview":"max-video-preview:-1"},"canonical":"https:\/\/jmserrat.com\/ca\/emotiu-concert-homenatge-a-joan-manuel-serrat-a-la-uncuyo\/","og_locale":"ca_ES","og_type":"article","og_title":"Emotiu concert homenatge a Joan Manuel Serrat a la UNCUYO","og_description":"El cantant i compositor espanyol Joan Manuel Serrat va arribar a Mendoza i, com estava previst, la Universitat Nacional de Cuyo (UNCUYO) el va afalagar amb un concert homenatge de gran jerarquia artisticocultural, en el que va ser l'avantsala de la distinci\u00f3 honor\u00edfica que rebr\u00e0 dem\u00e0 divendres al migdia.","og_url":"https:\/\/jmserrat.com\/ca\/emotiu-concert-homenatge-a-joan-manuel-serrat-a-la-uncuyo\/","og_site_name":"Joan Manuel Serrat","article_publisher":"https:\/\/www.facebook.com\/joanmanuelserrat.oficial","article_published_time":"2026-03-13T10:26:45+00:00","article_modified_time":"2026-03-13T12:35:04+00:00","og_image":[{"url":"https:\/\/jmserrat.com\/wp-content\/uploads\/2026\/03\/serrat-concert-uncuyo.jpg","type":"","width":"","height":""}],"author":"Xavi","twitter_card":"summary_large_image","twitter_misc":{"Escrit per":"Xavi","Temps estimat de lectura":"1 minut"},"schema":{"@context":"https:\/\/schema.org","@graph":[{"@type":"Article","@id":"https:\/\/jmserrat.com\/ca\/emotiu-concert-homenatge-a-joan-manuel-serrat-a-la-uncuyo\/#article","isPartOf":{"@id":"https:\/\/jmserrat.com\/ca\/emotiu-concert-homenatge-a-joan-manuel-serrat-a-la-uncuyo\/"},"author":{"name":"Xavi","@id":"https:\/\/jmserrat.com\/#\/schema\/person\/cad209d3cb0e4a7f3271011c5cd9f47f"},"headline":"Emotiu concert homenatge a Joan Manuel Serrat a la UNCUYO","datePublished":"2026-03-13T10:26:45+00:00","dateModified":"2026-03-13T12:35:04+00:00","mainEntityOfPage":{"@id":"https:\/\/jmserrat.com\/ca\/emotiu-concert-homenatge-a-joan-manuel-serrat-a-la-uncuyo\/"},"wordCount":337,"commentCount":0,"publisher":{"@id":"https:\/\/jmserrat.com\/#organization"},"image":{"@id":"https:\/\/jmserrat.com\/ca\/emotiu-concert-homenatge-a-joan-manuel-serrat-a-la-uncuyo\/#primaryimage"},"thumbnailUrl":"https:\/\/jmserrat.com\/wp-content\/uploads\/2026\/03\/serrat-concert-uncuyo.jpg","articleSection":["Actualitat"],"inLanguage":"ca","potentialAction":[{"@type":"CommentAction","name":"Comment","target":["https:\/\/jmserrat.com\/ca\/emotiu-concert-homenatge-a-joan-manuel-serrat-a-la-uncuyo\/#respond"]}]},{"@type":"WebPage","@id":"https:\/\/jmserrat.com\/ca\/emotiu-concert-homenatge-a-joan-manuel-serrat-a-la-uncuyo\/","url":"https:\/\/jmserrat.com\/ca\/emotiu-concert-homenatge-a-joan-manuel-serrat-a-la-uncuyo\/","name":"Emotiu concert homenatge a Joan Manuel Serrat a la UNCUYO","isPartOf":{"@id":"https:\/\/jmserrat.com\/#website"},"primaryImageOfPage":{"@id":"https:\/\/jmserrat.com\/ca\/emotiu-concert-homenatge-a-joan-manuel-serrat-a-la-uncuyo\/#primaryimage"},"image":{"@id":"https:\/\/jmserrat.com\/ca\/emotiu-concert-homenatge-a-joan-manuel-serrat-a-la-uncuyo\/#primaryimage"},"thumbnailUrl":"https:\/\/jmserrat.com\/wp-content\/uploads\/2026\/03\/serrat-concert-uncuyo.jpg","datePublished":"2026-03-13T10:26:45+00:00","dateModified":"2026-03-13T12:35:04+00:00","description":"El cantant i compositor espanyol Joan Manuel Serrat va arribar a Mendoza i la UNCUYO el va afalagar amb un concert homenatge.","inLanguage":"ca","potentialAction":[{"@type":"ReadAction","target":["https:\/\/jmserrat.com\/ca\/emotiu-concert-homenatge-a-joan-manuel-serrat-a-la-uncuyo\/"]}]},{"@type":"ImageObject","inLanguage":"ca","@id":"https:\/\/jmserrat.com\/ca\/emotiu-concert-homenatge-a-joan-manuel-serrat-a-la-uncuyo\/#primaryimage","url":"https:\/\/jmserrat.com\/wp-content\/uploads\/2026\/03\/serrat-concert-uncuyo.jpg","contentUrl":"https:\/\/jmserrat.com\/wp-content\/uploads\/2026\/03\/serrat-concert-uncuyo.jpg","width":1000,"height":667},{"@type":"WebSite","@id":"https:\/\/jmserrat.com\/#website","url":"https:\/\/jmserrat.com\/","name":"Joan Manuel Serrat","description":"Joan Manuel Serrat","publisher":{"@id":"https:\/\/jmserrat.com\/#organization"},"alternateName":"Joan Manuel Serrat","potentialAction":[{"@type":"SearchAction","target":{"@type":"EntryPoint","urlTemplate":"https:\/\/jmserrat.com\/?s={search_term_string}"},"query-input":{"@type":"PropertyValueSpecification","valueRequired":true,"valueName":"search_term_string"}}],"inLanguage":"ca"},{"@type":"Organization","@id":"https:\/\/jmserrat.com\/#organization","name":"Joan Manuel Serrat","alternateName":"Joan Manuel Serrat","url":"https:\/\/jmserrat.com\/","logo":{"@type":"ImageObject","inLanguage":"ca","@id":"https:\/\/jmserrat.com\/#\/schema\/logo\/image\/","url":"https:\/\/jmserrat.com\/wp-content\/uploads\/2021\/12\/JoanManuelSerratnegro.svg","contentUrl":"https:\/\/jmserrat.com\/wp-content\/uploads\/2021\/12\/JoanManuelSerratnegro.svg","width":211,"height":19,"caption":"Joan Manuel Serrat"},"image":{"@id":"https:\/\/jmserrat.com\/#\/schema\/logo\/image\/"},"sameAs":["https:\/\/www.facebook.com\/joanmanuelserrat.oficial","https:\/\/www.instagram.com\/jmserrat.oficial\/"]},{"@type":"Person","@id":"https:\/\/jmserrat.com\/#\/schema\/person\/cad209d3cb0e4a7f3271011c5cd9f47f","name":"Xavi","image":{"@type":"ImageObject","inLanguage":"ca","@id":"https:\/\/secure.gravatar.com\/avatar\/88a4a32c991d3fc2808fc0037f170f37f664f18da82fcb23ddee8363d2eaa005?s=96&d=mm&r=g","url":"https:\/\/secure.gravatar.com\/avatar\/88a4a32c991d3fc2808fc0037f170f37f664f18da82fcb23ddee8363d2eaa005?s=96&d=mm&r=g","contentUrl":"https:\/\/secure.gravatar.com\/avatar\/88a4a32c991d3fc2808fc0037f170f37f664f18da82fcb23ddee8363d2eaa005?s=96&d=mm&r=g","caption":"Xavi"},"url":"https:\/\/jmserrat.com\/ca\/author\/sweethomes\/"}]}},"_links":{"self":[{"href":"https:\/\/jmserrat.com\/ca\/wp-json\/wp\/v2\/posts\/17786","targetHints":{"allow":["GET"]}}],"collection":[{"href":"https:\/\/jmserrat.com\/ca\/wp-json\/wp\/v2\/posts"}],"about":[{"href":"https:\/\/jmserrat.com\/ca\/wp-json\/wp\/v2\/types\/post"}],"author":[{"embeddable":true,"href":"https:\/\/jmserrat.com\/ca\/wp-json\/wp\/v2\/users\/5"}],"replies":[{"embeddable":true,"href":"https:\/\/jmserrat.com\/ca\/wp-json\/wp\/v2\/comments?post=17786"}],"version-history":[{"count":9,"href":"https:\/\/jmserrat.com\/ca\/wp-json\/wp\/v2\/posts\/17786\/revisions"}],"predecessor-version":[{"id":17826,"href":"https:\/\/jmserrat.com\/ca\/wp-json\/wp\/v2\/posts\/17786\/revisions\/17826"}],"wp:featuredmedia":[{"embeddable":true,"href":"https:\/\/jmserrat.com\/ca\/wp-json\/wp\/v2\/media\/17785"}],"wp:attachment":[{"href":"https:\/\/jmserrat.com\/ca\/wp-json\/wp\/v2\/media?parent=17786"}],"wp:term":[{"taxonomy":"category","embeddable":true,"href":"https:\/\/jmserrat.com\/ca\/wp-json\/wp\/v2\/categories?post=17786"},{"taxonomy":"post_tag","embeddable":true,"href":"https:\/\/jmserrat.com\/ca\/wp-json\/wp\/v2\/tags?post=17786"}],"curies":[{"name":"wp","href":"https:\/\/api.w.org\/{rel}","templated":true}]}}