{"id":17738,"date":"2026-03-11T23:25:35","date_gmt":"2026-03-11T22:25:35","guid":{"rendered":"https:\/\/jmserrat.com\/joan-manuel-serrat-sera-guardonat-amb-el-doctorat-honoris-causa-per-la-uncuyo\/"},"modified":"2026-03-13T11:31:36","modified_gmt":"2026-03-13T10:31:36","slug":"joan-manuel-serrat-sera-guardonat-amb-el-doctorat-honoris-causa-per-la-uncuyo","status":"publish","type":"post","link":"https:\/\/jmserrat.com\/ca\/joan-manuel-serrat-sera-guardonat-amb-el-doctorat-honoris-causa-per-la-uncuyo\/","title":{"rendered":"Joan Manuel Serrat ser\u00e0 guardonat amb el Doctorat Honoris Causa per la UNCuyo"},"content":{"rendered":"<p>[et_pb_section fb_built=&#8221;1&#8243; _builder_version=&#8221;4.24.3&#8243; custom_padding=&#8221;0px||0px||false|false&#8221; global_colors_info=&#8221;{}&#8221;][et_pb_row module_class=&#8221;side-by-side-1&#8243; _builder_version=&#8221;4.27.2&#8243; background_size=&#8221;initial&#8221; background_position=&#8221;top_left&#8221; background_repeat=&#8221;repeat&#8221; width=&#8221;100%&#8221; max_width=&#8221;100%&#8221; custom_padding=&#8221;0px||0px||false|false&#8221; global_colors_info=&#8221;{}&#8221;][et_pb_column type=&#8221;4_4&#8243; _builder_version=&#8221;4.24.3&#8243; custom_padding=&#8221;0px|0px|0px|0px|false|false&#8221; global_colors_info=&#8221;{}&#8221; custom_padding__hover=&#8221;|||&#8221;][et_pb_text _builder_version=&#8221;4.27.6&#8243; text_font_size=&#8221;12px&#8221; text_line_height=&#8221;1.5em&#8221; background_color=&#8221;#ededed&#8221; background_size=&#8221;initial&#8221; background_position=&#8221;top_left&#8221; background_repeat=&#8221;repeat&#8221; width=&#8221;40%&#8221; width_tablet=&#8221;40%&#8221; width_phone=&#8221;100%&#8221; width_last_edited=&#8221;on|phone&#8221; custom_margin=&#8221;||25px||false|false&#8221; custom_padding=&#8221;15px|15px|15px|15px|false|false&#8221; global_colors_info=&#8221;{}&#8221;]<\/p>\n<p><strong>Not\u00edcia:<\/strong> Conclusi\u00f3n<br \/><strong>Mitj\u00e0:<\/strong> Conclusi\u00f3n<br \/><strong>Foto:<\/strong> Salvador Hamoui<\/p>\n<figure class=\"wp-block-embed is-type-wp-embed is-provider-efe-noticias wp-block-embed-efe-noticias\"><\/figure>\n<p>[\/et_pb_text][et_pb_text _builder_version=&#8221;4.27.6&#8243; header_4_font=&#8221;&#8211;et_global_body_font||||||||&#8221; header_4_font_size=&#8221;20px&#8221; header_4_line_height=&#8221;1.3em&#8221; background_size=&#8221;initial&#8221; background_position=&#8221;top_left&#8221; background_repeat=&#8221;repeat&#8221; hover_enabled=&#8221;0&#8243; global_colors_info=&#8221;{}&#8221; sticky_enabled=&#8221;0&#8243;]<\/p>\n<div class=\"bbc-19j92fr ebmt73l0\" dir=\"ltr\">\n<p>La Universitat Nacional de Cuyo guardonar\u00e0 el m\u00fasic Joan Manuel Serrat amb el Doctorat Honoris Causa. El destacat cantautor catal\u00e0 rebr\u00e0 el selecte t\u00edtol a la prov\u00edncia de Mendoza, en qu\u00e8 ser\u00e0 afalagat amb diversos homenatges de dijous a dissabte, entre ells un gran concert simf\u00f2nic en honor seu les entrades del qual es van esgotar en menys d&#8217;una hora. <\/p>\n<\/div>\n<p>[\/et_pb_text][et_pb_button button_url=&#8221;https:\/\/www.conclusion.com.ar\/cultura\/joan-manuel-serrat-sera-distinguido-con-el-doctorado-honoris-causa-por-la-uncuyo\/03\/2026\/&#8221; url_new_window=&#8221;on&#8221; button_text=&#8221;Veieu not\u00edcia&#8221; _builder_version=&#8221;4.27.6&#8243; _module_preset=&#8221;default&#8221; custom_button=&#8221;on&#8221; button_text_size=&#8221;14px&#8221; button_bg_color=&#8221;RGBA(255,255,255,0)&#8221; button_border_width=&#8221;1px&#8221; button_border_color=&#8221;#666666&#8243; button_icon=&#8221;&#x39;||divi||400&#8243; custom_margin=&#8221;||20px||false|false&#8221; custom_padding=&#8221;||||false|false&#8221; global_colors_info=&#8221;{}&#8221; button_border_width__hover_enabled=&#8221;on|hover&#8221; button_border_width__hover=&#8221;0.5px&#8221; button_bg_color__hover_enabled=&#8221;on|hover&#8221; button_bg_color__hover=&#8221;RGBA(255,255,255,0)&#8221; button_border_color__hover_enabled=&#8221;on|hover&#8221; button_border_color__hover=&#8221;#555555&#8243;][\/et_pb_button][\/et_pb_column][\/et_pb_row][\/et_pb_section]<\/p>\n","protected":false},"excerpt":{"rendered":"<p>La Universitat Nacional de Cuyo distingir\u00e0 el m\u00fasic Joan Manuel Serrat amb el Doctorat Honoris Causa. El destacat cantautor catal\u00e0 rebr\u00e0 el selecte t\u00edtol a la prov\u00edncia de Mendoza, on ser\u00e0 homenatjat amb diversos actes de dijous a dissabte, entre ells un gran concert simf\u00f2nic en el seu honor les entrades del qual es van esgotar en menys d&#8217;una hora.<\/p>\n","protected":false},"author":5,"featured_media":17737,"comment_status":"open","ping_status":"open","sticky":false,"template":"","format":"standard","meta":{"_et_pb_use_builder":"on","_et_pb_old_content":"<p>[et_pb_section fb_built=\"1\" _builder_version=\"4.24.3\" custom_padding=\"0px||0px||false|false\" global_colors_info=\"{}\"][et_pb_row module_class=\"side-by-side-1\" _builder_version=\"4.27.2\" background_size=\"initial\" background_position=\"top_left\" background_repeat=\"repeat\" width=\"100%\" max_width=\"100%\" custom_padding=\"0px||0px||false|false\" global_colors_info=\"{}\"][et_pb_column type=\"4_4\" _builder_version=\"4.24.3\" custom_padding=\"0px|0px|0px|0px|false|false\" global_colors_info=\"{}\" custom_padding__hover=\"|||\"][et_pb_text _builder_version=\"4.27.6\" text_font_size=\"12px\" text_line_height=\"1.5em\" background_color=\"#ededed\" background_size=\"initial\" background_position=\"top_left\" background_repeat=\"repeat\" width=\"40%\" width_tablet=\"40%\" width_phone=\"100%\" width_last_edited=\"on|phone\" custom_margin=\"||25px||false|false\" custom_padding=\"15px|15px|15px|15px|false|false\" global_colors_info=\"{}\"]<\/p><p><strong>Noticia:<\/strong> N\u00faria Martorell<br \/><strong>Medio:<\/strong> Jmserrat.com<br \/><strong>Foto:<\/strong> Juan Miguel Morales<\/p><figure class=\"wp-block-embed is-type-wp-embed is-provider-efe-noticias wp-block-embed-efe-noticias\"><\/figure><p>[\/et_pb_text][et_pb_text _builder_version=\"4.27.6\" header_4_font=\"--et_global_body_font||||||||\" header_4_font_size=\"20px\" header_4_line_height=\"1.3em\" background_size=\"initial\" background_position=\"top_left\" background_repeat=\"repeat\" hover_enabled=\"0\" global_colors_info=\"{}\" sticky_enabled=\"0\"]<\/p><div class=\"bbc-19j92fr ebmt73l0\" dir=\"ltr\"><p>Fue una de esas noches que quedan grabadas en la memoria de quienes la vivieron. Y desde hoy, tambi\u00e9n quedar\u00e1 para siempre en su canal oficial de YouTube. Joan Manuel Serrat estrena su nueva casa digital con el concierto que ofreci\u00f3 en el WiZink Center de Madrid dentro de su gira de despedida \u2018El vicio de cantar 1965-2022\u2019. La grabaci\u00f3n cobra ahora una nueva vida en su h\u00e1bitat natural.<\/p><p>Suscrib\u00edos al canal. Iremos incorporando progresivamente otros contenidos audiovisuales: una forma de preservar y compartir, con calidad y contexto, un legado art\u00edstico que merece seguir latiendo.<\/p><p>En aquella actuaci\u00f3n, como en la misma vida, Serrat se neg\u00f3 a ocupar ning\u00fan banco de parque que no fuera el de la memoria activa. El repertorio incluy\u00f3 canciones como \u2018Luc\u00eda\u2019, \u2018Se\u00f1ora\u2019, \u2018Romance del Curro el Palmo\u2019 o \u2018De cart\u00f3n piedra\u2019, recordando que sus personajes no cumplen a\u00f1os porque habitan ese territorio donde la ficci\u00f3n y la verdad se dan la mano. Y muchas otras m\u00e1s, claro. Sin invitados ni sorpresas. Y sin enlazar un repertorio previsible que reuniera todos sus grandes \u00e9xitos. Cant\u00f3 lo que quiso, faltar\u00eda m\u00e1s.<\/p><p>Los temas sonaron con arreglos de nueva factura bajo la direcci\u00f3n musical de Ricard Miralles, que volvi\u00f3 a dialogar con las armon\u00edas serratianas desde el piano. Junto a \u00e9l: Josep Mas \u2018Kitflus\u2019 en teclados y electr\u00f3nica; Jos\u00e9 Miguel P\u00e9rez Sagaste al saxo y clarinete; \u00darsula Amarg\u00f3s en viola y voces; Rai Ferrer al bajo y contrabajo; David Palau en las guitarras; y Vicente Climent a la bater\u00eda.<\/p><p>La realizaci\u00f3n audiovisual recoge tambi\u00e9n las proyecciones que acompa\u00f1aron cada canci\u00f3n: fotograf\u00edas, animaciones e im\u00e1genes de arte de diversas \u00e9pocas, desde \u2018La Gioconda\u2019 de Leonardo y sus variantes meme, hasta grafitis y escenas de los murales de Banksy que dialogaron con naturalidad con algunas de sus letras.<\/p><p>\u2018El vicio de cantar\u2019 abre as\u00ed una nueva etapa. La m\u00fasica encuentra ahora una ventana permanente desde la que seguir compartiendo canciones, memoria y emoci\u00f3n.<\/p><\/div><p>[\/et_pb_text][et_pb_button button_url=\"https:\/\/www.youtube.com\/channel\/UCrsOuc-CHixdfIerwY0eDZg?sub_confirmation=1\" url_new_window=\"on\" button_text=\"Suscr\u00edbete al canal\" _builder_version=\"4.27.6\" _module_preset=\"default\" custom_button=\"on\" button_text_size=\"14px\" button_bg_color=\"RGBA(255,255,255,0)\" button_border_width=\"1px\" button_border_color=\"#666666\" button_icon=\"9||divi||400\" custom_margin=\"||20px||false|false\" custom_padding=\"||||false|false\" global_colors_info=\"{}\" button_border_width__hover_enabled=\"on|hover\" button_border_width__hover=\"0.5px\" button_bg_color__hover_enabled=\"on|hover\" button_bg_color__hover=\"RGBA(255,255,255,0)\" button_border_color__hover_enabled=\"on|hover\" button_border_color__hover=\"#555555\"][\/et_pb_button][et_pb_video src=\"https:\/\/www.youtube.com\/watch?v=Lyokx8AVuys&t=79s\" _builder_version=\"4.27.6\" _module_preset=\"default\" global_colors_info=\"{}\"][\/et_pb_video][\/et_pb_column][\/et_pb_row][\/et_pb_section]<\/p>","_et_gb_content_width":"","inline_featured_image":false,"footnotes":""},"categories":[2],"tags":[],"class_list":["post-17738","post","type-post","status-publish","format-standard","has-post-thumbnail","hentry","category-articles"],"yoast_head":"<!-- This site is optimized with the Yoast SEO plugin v27.4 - https:\/\/yoast.com\/product\/yoast-seo-wordpress\/ -->\n<title>Serrat rebr\u00e0 el Doctorat Honoris Causa per la UNCuyo<\/title>\n<meta name=\"description\" content=\"La UNCuyo distingir\u00e0 Joan Manuel Serrat amb el Doctorat Honoris Causa. El cantautor catal\u00e0 rebr\u00e0 el selecte t\u00edtol a Mendoza.\" \/>\n<meta name=\"robots\" content=\"index, follow, max-snippet:-1, max-image-preview:large, max-video-preview:-1\" \/>\n<link rel=\"canonical\" href=\"https:\/\/jmserrat.com\/joan-manuel-serrat-sera-distinguido-con-el-doctorado-honoris-causa-por-la-uncuyo\/\" \/>\n<meta property=\"og:locale\" content=\"ca_ES\" \/>\n<meta property=\"og:type\" content=\"article\" \/>\n<meta property=\"og:title\" content=\"Joan Manuel Serrat ser\u00e0 guardonat amb el Doctorat Honoris Causa per la UNCuyo\" \/>\n<meta property=\"og:description\" content=\"La Universitat Nacional de Cuyo distingir\u00e0 el m\u00fasic Joan Manuel Serrat amb el Doctorat Honoris Causa. El destacat cantautor catal\u00e0 rebr\u00e0 el selecte t\u00edtol a la prov\u00edncia de Mendoza, on ser\u00e0 homenatjat amb diversos actes de dijous a dissabte, entre ells un gran concert simf\u00f2nic en el seu honor les entrades del qual es van esgotar en menys d&#039;una hora.\" \/>\n<meta property=\"og:url\" content=\"https:\/\/jmserrat.com\/joan-manuel-serrat-sera-distinguido-con-el-doctorado-honoris-causa-por-la-uncuyo\/\" \/>\n<meta property=\"og:site_name\" content=\"Joan Manuel Serrat\" \/>\n<meta property=\"article:publisher\" content=\"https:\/\/www.facebook.com\/joanmanuelserrat.oficial\" \/>\n<meta property=\"article:published_time\" content=\"2026-03-11T22:25:35+00:00\" \/>\n<meta property=\"article:modified_time\" content=\"2026-03-13T10:31:36+00:00\" \/>\n<meta property=\"og:image\" content=\"https:\/\/jmserrat.com\/wp-content\/uploads\/2026\/03\/serrat-argentina-2026.jpg\" \/>\n<meta name=\"author\" content=\"Xavi\" \/>\n<meta name=\"twitter:card\" content=\"summary_large_image\" \/>\n<meta name=\"twitter:label1\" content=\"Escrit per\" \/>\n\t<meta name=\"twitter:data1\" content=\"Xavi\" \/>\n\t<meta name=\"twitter:label2\" content=\"Temps estimat de lectura\" \/>\n\t<meta name=\"twitter:data2\" content=\"1 minut\" \/>\n<script type=\"application\/ld+json\" class=\"yoast-schema-graph\">{\"@context\":\"https:\\\/\\\/schema.org\",\"@graph\":[{\"@type\":\"Article\",\"@id\":\"https:\\\/\\\/jmserrat.com\\\/joan-manuel-serrat-sera-distinguido-con-el-doctorado-honoris-causa-por-la-uncuyo\\\/#article\",\"isPartOf\":{\"@id\":\"https:\\\/\\\/jmserrat.com\\\/joan-manuel-serrat-sera-distinguido-con-el-doctorado-honoris-causa-por-la-uncuyo\\\/\"},\"author\":{\"name\":\"Xavi\",\"@id\":\"https:\\\/\\\/jmserrat.com\\\/#\\\/schema\\\/person\\\/cad209d3cb0e4a7f3271011c5cd9f47f\"},\"headline\":\"Joan Manuel Serrat ser\u00e0 guardonat amb el Doctorat Honoris Causa per la UNCuyo\",\"datePublished\":\"2026-03-11T22:25:35+00:00\",\"dateModified\":\"2026-03-13T10:31:36+00:00\",\"mainEntityOfPage\":{\"@id\":\"https:\\\/\\\/jmserrat.com\\\/joan-manuel-serrat-sera-distinguido-con-el-doctorado-honoris-causa-por-la-uncuyo\\\/\"},\"wordCount\":355,\"commentCount\":0,\"publisher\":{\"@id\":\"https:\\\/\\\/jmserrat.com\\\/#organization\"},\"image\":{\"@id\":\"https:\\\/\\\/jmserrat.com\\\/joan-manuel-serrat-sera-distinguido-con-el-doctorado-honoris-causa-por-la-uncuyo\\\/#primaryimage\"},\"thumbnailUrl\":\"https:\\\/\\\/jmserrat.com\\\/wp-content\\\/uploads\\\/2026\\\/03\\\/serrat-argentina-2026.jpg\",\"articleSection\":[\"Articles\"],\"inLanguage\":\"ca\",\"potentialAction\":[{\"@type\":\"CommentAction\",\"name\":\"Comment\",\"target\":[\"https:\\\/\\\/jmserrat.com\\\/joan-manuel-serrat-sera-distinguido-con-el-doctorado-honoris-causa-por-la-uncuyo\\\/#respond\"]}]},{\"@type\":\"WebPage\",\"@id\":\"https:\\\/\\\/jmserrat.com\\\/joan-manuel-serrat-sera-distinguido-con-el-doctorado-honoris-causa-por-la-uncuyo\\\/\",\"url\":\"https:\\\/\\\/jmserrat.com\\\/joan-manuel-serrat-sera-distinguido-con-el-doctorado-honoris-causa-por-la-uncuyo\\\/\",\"name\":\"Serrat rebr\u00e0 el Doctorat Honoris Causa per la UNCuyo\",\"isPartOf\":{\"@id\":\"https:\\\/\\\/jmserrat.com\\\/#website\"},\"primaryImageOfPage\":{\"@id\":\"https:\\\/\\\/jmserrat.com\\\/joan-manuel-serrat-sera-distinguido-con-el-doctorado-honoris-causa-por-la-uncuyo\\\/#primaryimage\"},\"image\":{\"@id\":\"https:\\\/\\\/jmserrat.com\\\/joan-manuel-serrat-sera-distinguido-con-el-doctorado-honoris-causa-por-la-uncuyo\\\/#primaryimage\"},\"thumbnailUrl\":\"https:\\\/\\\/jmserrat.com\\\/wp-content\\\/uploads\\\/2026\\\/03\\\/serrat-argentina-2026.jpg\",\"datePublished\":\"2026-03-11T22:25:35+00:00\",\"dateModified\":\"2026-03-13T10:31:36+00:00\",\"description\":\"La UNCuyo distingir\u00e0 Joan Manuel Serrat amb el Doctorat Honoris Causa. El cantautor catal\u00e0 rebr\u00e0 el selecte t\u00edtol a Mendoza.\",\"inLanguage\":\"ca\",\"potentialAction\":[{\"@type\":\"ReadAction\",\"target\":[\"https:\\\/\\\/jmserrat.com\\\/joan-manuel-serrat-sera-distinguido-con-el-doctorado-honoris-causa-por-la-uncuyo\\\/\"]}]},{\"@type\":\"ImageObject\",\"inLanguage\":\"ca\",\"@id\":\"https:\\\/\\\/jmserrat.com\\\/joan-manuel-serrat-sera-distinguido-con-el-doctorado-honoris-causa-por-la-uncuyo\\\/#primaryimage\",\"url\":\"https:\\\/\\\/jmserrat.com\\\/wp-content\\\/uploads\\\/2026\\\/03\\\/serrat-argentina-2026.jpg\",\"contentUrl\":\"https:\\\/\\\/jmserrat.com\\\/wp-content\\\/uploads\\\/2026\\\/03\\\/serrat-argentina-2026.jpg\",\"width\":1000,\"height\":605},{\"@type\":\"WebSite\",\"@id\":\"https:\\\/\\\/jmserrat.com\\\/#website\",\"url\":\"https:\\\/\\\/jmserrat.com\\\/\",\"name\":\"Joan Manuel Serrat\",\"description\":\"Joan Manuel Serrat\",\"publisher\":{\"@id\":\"https:\\\/\\\/jmserrat.com\\\/#organization\"},\"alternateName\":\"Joan Manuel Serrat\",\"potentialAction\":[{\"@type\":\"SearchAction\",\"target\":{\"@type\":\"EntryPoint\",\"urlTemplate\":\"https:\\\/\\\/jmserrat.com\\\/?s={search_term_string}\"},\"query-input\":{\"@type\":\"PropertyValueSpecification\",\"valueRequired\":true,\"valueName\":\"search_term_string\"}}],\"inLanguage\":\"ca\"},{\"@type\":\"Organization\",\"@id\":\"https:\\\/\\\/jmserrat.com\\\/#organization\",\"name\":\"Joan Manuel Serrat\",\"alternateName\":\"Joan Manuel Serrat\",\"url\":\"https:\\\/\\\/jmserrat.com\\\/\",\"logo\":{\"@type\":\"ImageObject\",\"inLanguage\":\"ca\",\"@id\":\"https:\\\/\\\/jmserrat.com\\\/#\\\/schema\\\/logo\\\/image\\\/\",\"url\":\"https:\\\/\\\/jmserrat.com\\\/wp-content\\\/uploads\\\/2021\\\/12\\\/JoanManuelSerratnegro.svg\",\"contentUrl\":\"https:\\\/\\\/jmserrat.com\\\/wp-content\\\/uploads\\\/2021\\\/12\\\/JoanManuelSerratnegro.svg\",\"width\":211,\"height\":19,\"caption\":\"Joan Manuel Serrat\"},\"image\":{\"@id\":\"https:\\\/\\\/jmserrat.com\\\/#\\\/schema\\\/logo\\\/image\\\/\"},\"sameAs\":[\"https:\\\/\\\/www.facebook.com\\\/joanmanuelserrat.oficial\",\"https:\\\/\\\/www.instagram.com\\\/jmserrat.oficial\\\/\"]},{\"@type\":\"Person\",\"@id\":\"https:\\\/\\\/jmserrat.com\\\/#\\\/schema\\\/person\\\/cad209d3cb0e4a7f3271011c5cd9f47f\",\"name\":\"Xavi\",\"image\":{\"@type\":\"ImageObject\",\"inLanguage\":\"ca\",\"@id\":\"https:\\\/\\\/secure.gravatar.com\\\/avatar\\\/88a4a32c991d3fc2808fc0037f170f37f664f18da82fcb23ddee8363d2eaa005?s=96&d=mm&r=g\",\"url\":\"https:\\\/\\\/secure.gravatar.com\\\/avatar\\\/88a4a32c991d3fc2808fc0037f170f37f664f18da82fcb23ddee8363d2eaa005?s=96&d=mm&r=g\",\"contentUrl\":\"https:\\\/\\\/secure.gravatar.com\\\/avatar\\\/88a4a32c991d3fc2808fc0037f170f37f664f18da82fcb23ddee8363d2eaa005?s=96&d=mm&r=g\",\"caption\":\"Xavi\"},\"url\":\"https:\\\/\\\/jmserrat.com\\\/ca\\\/author\\\/sweethomes\\\/\"}]}<\/script>\n<!-- \/ Yoast SEO plugin. -->","yoast_head_json":{"title":"Serrat rebr\u00e0 el Doctorat Honoris Causa per la UNCuyo","description":"La UNCuyo distingir\u00e0 Joan Manuel Serrat amb el Doctorat Honoris Causa. El cantautor catal\u00e0 rebr\u00e0 el selecte t\u00edtol a Mendoza.","robots":{"index":"index","follow":"follow","max-snippet":"max-snippet:-1","max-image-preview":"max-image-preview:large","max-video-preview":"max-video-preview:-1"},"canonical":"https:\/\/jmserrat.com\/joan-manuel-serrat-sera-distinguido-con-el-doctorado-honoris-causa-por-la-uncuyo\/","og_locale":"ca_ES","og_type":"article","og_title":"Joan Manuel Serrat ser\u00e0 guardonat amb el Doctorat Honoris Causa per la UNCuyo","og_description":"La Universitat Nacional de Cuyo distingir\u00e0 el m\u00fasic Joan Manuel Serrat amb el Doctorat Honoris Causa. El destacat cantautor catal\u00e0 rebr\u00e0 el selecte t\u00edtol a la prov\u00edncia de Mendoza, on ser\u00e0 homenatjat amb diversos actes de dijous a dissabte, entre ells un gran concert simf\u00f2nic en el seu honor les entrades del qual es van esgotar en menys d'una hora.","og_url":"https:\/\/jmserrat.com\/joan-manuel-serrat-sera-distinguido-con-el-doctorado-honoris-causa-por-la-uncuyo\/","og_site_name":"Joan Manuel Serrat","article_publisher":"https:\/\/www.facebook.com\/joanmanuelserrat.oficial","article_published_time":"2026-03-11T22:25:35+00:00","article_modified_time":"2026-03-13T10:31:36+00:00","og_image":[{"url":"https:\/\/jmserrat.com\/wp-content\/uploads\/2026\/03\/serrat-argentina-2026.jpg","type":"","width":"","height":""}],"author":"Xavi","twitter_card":"summary_large_image","twitter_misc":{"Escrit per":"Xavi","Temps estimat de lectura":"1 minut"},"schema":{"@context":"https:\/\/schema.org","@graph":[{"@type":"Article","@id":"https:\/\/jmserrat.com\/joan-manuel-serrat-sera-distinguido-con-el-doctorado-honoris-causa-por-la-uncuyo\/#article","isPartOf":{"@id":"https:\/\/jmserrat.com\/joan-manuel-serrat-sera-distinguido-con-el-doctorado-honoris-causa-por-la-uncuyo\/"},"author":{"name":"Xavi","@id":"https:\/\/jmserrat.com\/#\/schema\/person\/cad209d3cb0e4a7f3271011c5cd9f47f"},"headline":"Joan Manuel Serrat ser\u00e0 guardonat amb el Doctorat Honoris Causa per la UNCuyo","datePublished":"2026-03-11T22:25:35+00:00","dateModified":"2026-03-13T10:31:36+00:00","mainEntityOfPage":{"@id":"https:\/\/jmserrat.com\/joan-manuel-serrat-sera-distinguido-con-el-doctorado-honoris-causa-por-la-uncuyo\/"},"wordCount":355,"commentCount":0,"publisher":{"@id":"https:\/\/jmserrat.com\/#organization"},"image":{"@id":"https:\/\/jmserrat.com\/joan-manuel-serrat-sera-distinguido-con-el-doctorado-honoris-causa-por-la-uncuyo\/#primaryimage"},"thumbnailUrl":"https:\/\/jmserrat.com\/wp-content\/uploads\/2026\/03\/serrat-argentina-2026.jpg","articleSection":["Articles"],"inLanguage":"ca","potentialAction":[{"@type":"CommentAction","name":"Comment","target":["https:\/\/jmserrat.com\/joan-manuel-serrat-sera-distinguido-con-el-doctorado-honoris-causa-por-la-uncuyo\/#respond"]}]},{"@type":"WebPage","@id":"https:\/\/jmserrat.com\/joan-manuel-serrat-sera-distinguido-con-el-doctorado-honoris-causa-por-la-uncuyo\/","url":"https:\/\/jmserrat.com\/joan-manuel-serrat-sera-distinguido-con-el-doctorado-honoris-causa-por-la-uncuyo\/","name":"Serrat rebr\u00e0 el Doctorat Honoris Causa per la UNCuyo","isPartOf":{"@id":"https:\/\/jmserrat.com\/#website"},"primaryImageOfPage":{"@id":"https:\/\/jmserrat.com\/joan-manuel-serrat-sera-distinguido-con-el-doctorado-honoris-causa-por-la-uncuyo\/#primaryimage"},"image":{"@id":"https:\/\/jmserrat.com\/joan-manuel-serrat-sera-distinguido-con-el-doctorado-honoris-causa-por-la-uncuyo\/#primaryimage"},"thumbnailUrl":"https:\/\/jmserrat.com\/wp-content\/uploads\/2026\/03\/serrat-argentina-2026.jpg","datePublished":"2026-03-11T22:25:35+00:00","dateModified":"2026-03-13T10:31:36+00:00","description":"La UNCuyo distingir\u00e0 Joan Manuel Serrat amb el Doctorat Honoris Causa. El cantautor catal\u00e0 rebr\u00e0 el selecte t\u00edtol a Mendoza.","inLanguage":"ca","potentialAction":[{"@type":"ReadAction","target":["https:\/\/jmserrat.com\/joan-manuel-serrat-sera-distinguido-con-el-doctorado-honoris-causa-por-la-uncuyo\/"]}]},{"@type":"ImageObject","inLanguage":"ca","@id":"https:\/\/jmserrat.com\/joan-manuel-serrat-sera-distinguido-con-el-doctorado-honoris-causa-por-la-uncuyo\/#primaryimage","url":"https:\/\/jmserrat.com\/wp-content\/uploads\/2026\/03\/serrat-argentina-2026.jpg","contentUrl":"https:\/\/jmserrat.com\/wp-content\/uploads\/2026\/03\/serrat-argentina-2026.jpg","width":1000,"height":605},{"@type":"WebSite","@id":"https:\/\/jmserrat.com\/#website","url":"https:\/\/jmserrat.com\/","name":"Joan Manuel Serrat","description":"Joan Manuel Serrat","publisher":{"@id":"https:\/\/jmserrat.com\/#organization"},"alternateName":"Joan Manuel Serrat","potentialAction":[{"@type":"SearchAction","target":{"@type":"EntryPoint","urlTemplate":"https:\/\/jmserrat.com\/?s={search_term_string}"},"query-input":{"@type":"PropertyValueSpecification","valueRequired":true,"valueName":"search_term_string"}}],"inLanguage":"ca"},{"@type":"Organization","@id":"https:\/\/jmserrat.com\/#organization","name":"Joan Manuel Serrat","alternateName":"Joan Manuel Serrat","url":"https:\/\/jmserrat.com\/","logo":{"@type":"ImageObject","inLanguage":"ca","@id":"https:\/\/jmserrat.com\/#\/schema\/logo\/image\/","url":"https:\/\/jmserrat.com\/wp-content\/uploads\/2021\/12\/JoanManuelSerratnegro.svg","contentUrl":"https:\/\/jmserrat.com\/wp-content\/uploads\/2021\/12\/JoanManuelSerratnegro.svg","width":211,"height":19,"caption":"Joan Manuel Serrat"},"image":{"@id":"https:\/\/jmserrat.com\/#\/schema\/logo\/image\/"},"sameAs":["https:\/\/www.facebook.com\/joanmanuelserrat.oficial","https:\/\/www.instagram.com\/jmserrat.oficial\/"]},{"@type":"Person","@id":"https:\/\/jmserrat.com\/#\/schema\/person\/cad209d3cb0e4a7f3271011c5cd9f47f","name":"Xavi","image":{"@type":"ImageObject","inLanguage":"ca","@id":"https:\/\/secure.gravatar.com\/avatar\/88a4a32c991d3fc2808fc0037f170f37f664f18da82fcb23ddee8363d2eaa005?s=96&d=mm&r=g","url":"https:\/\/secure.gravatar.com\/avatar\/88a4a32c991d3fc2808fc0037f170f37f664f18da82fcb23ddee8363d2eaa005?s=96&d=mm&r=g","contentUrl":"https:\/\/secure.gravatar.com\/avatar\/88a4a32c991d3fc2808fc0037f170f37f664f18da82fcb23ddee8363d2eaa005?s=96&d=mm&r=g","caption":"Xavi"},"url":"https:\/\/jmserrat.com\/ca\/author\/sweethomes\/"}]}},"_links":{"self":[{"href":"https:\/\/jmserrat.com\/ca\/wp-json\/wp\/v2\/posts\/17738","targetHints":{"allow":["GET"]}}],"collection":[{"href":"https:\/\/jmserrat.com\/ca\/wp-json\/wp\/v2\/posts"}],"about":[{"href":"https:\/\/jmserrat.com\/ca\/wp-json\/wp\/v2\/types\/post"}],"author":[{"embeddable":true,"href":"https:\/\/jmserrat.com\/ca\/wp-json\/wp\/v2\/users\/5"}],"replies":[{"embeddable":true,"href":"https:\/\/jmserrat.com\/ca\/wp-json\/wp\/v2\/comments?post=17738"}],"version-history":[{"count":10,"href":"https:\/\/jmserrat.com\/ca\/wp-json\/wp\/v2\/posts\/17738\/revisions"}],"predecessor-version":[{"id":17806,"href":"https:\/\/jmserrat.com\/ca\/wp-json\/wp\/v2\/posts\/17738\/revisions\/17806"}],"wp:featuredmedia":[{"embeddable":true,"href":"https:\/\/jmserrat.com\/ca\/wp-json\/wp\/v2\/media\/17737"}],"wp:attachment":[{"href":"https:\/\/jmserrat.com\/ca\/wp-json\/wp\/v2\/media?parent=17738"}],"wp:term":[{"taxonomy":"category","embeddable":true,"href":"https:\/\/jmserrat.com\/ca\/wp-json\/wp\/v2\/categories?post=17738"},{"taxonomy":"post_tag","embeddable":true,"href":"https:\/\/jmserrat.com\/ca\/wp-json\/wp\/v2\/tags?post=17738"}],"curies":[{"name":"wp","href":"https:\/\/api.w.org\/{rel}","templated":true}]}}