{"id":17700,"date":"2026-03-04T21:24:27","date_gmt":"2026-03-04T20:24:27","guid":{"rendered":"https:\/\/jmserrat.com\/serrat-te-una-nova-casa-digital-estrenem-el-seu-youtube-oficial-amb-el-vicio-de-cantar\/"},"modified":"2026-03-05T11:31:09","modified_gmt":"2026-03-05T10:31:09","slug":"serrat-te-una-nova-casa-digital-estrenem-el-seu-youtube-oficial-amb-el-vicio-de-cantar","status":"publish","type":"post","link":"https:\/\/jmserrat.com\/ca\/serrat-te-una-nova-casa-digital-estrenem-el-seu-youtube-oficial-amb-el-vicio-de-cantar\/","title":{"rendered":"Serrat t\u00e9 una nova casa digital: estrenem el seu YouTube oficial amb \u201cEl vicio de cantar\u201d"},"content":{"rendered":"<p>[et_pb_section fb_built=&#8221;1&#8243; _builder_version=&#8221;4.24.3&#8243; custom_padding=&#8221;0px||0px||false|false&#8221; global_colors_info=&#8221;{}&#8221;][et_pb_row module_class=&#8221;side-by-side-1&#8243; _builder_version=&#8221;4.27.2&#8243; background_size=&#8221;initial&#8221; background_position=&#8221;top_left&#8221; background_repeat=&#8221;repeat&#8221; width=&#8221;100%&#8221; max_width=&#8221;100%&#8221; custom_padding=&#8221;0px||0px||false|false&#8221; global_colors_info=&#8221;{}&#8221;][et_pb_column type=&#8221;4_4&#8243; _builder_version=&#8221;4.24.3&#8243; custom_padding=&#8221;0px|0px|0px|0px|false|false&#8221; global_colors_info=&#8221;{}&#8221; custom_padding__hover=&#8221;|||&#8221;][et_pb_text _builder_version=&#8221;4.27.6&#8243; text_font_size=&#8221;12px&#8221; text_line_height=&#8221;1.5em&#8221; background_color=&#8221;#ededed&#8221; background_size=&#8221;initial&#8221; background_position=&#8221;top_left&#8221; background_repeat=&#8221;repeat&#8221; width=&#8221;40%&#8221; width_tablet=&#8221;40%&#8221; width_phone=&#8221;100%&#8221; width_last_edited=&#8221;on|phone&#8221; custom_margin=&#8221;||25px||false|false&#8221; custom_padding=&#8221;15px|15px|15px|15px|false|false&#8221; global_colors_info=&#8221;{}&#8221;]<\/p>\n<p><strong>Not\u00edcia:<\/strong> N\u00faria Martorell<br \/><strong>Mitj\u00e0:<\/strong> Jmserrat.com<br \/><strong>Foto:<\/strong> Juan Miguel Morales<\/p>\n<figure class=\"wp-block-embed is-type-wp-embed is-provider-efe-noticias wp-block-embed-efe-noticias\"><\/figure>\n<p>[\/et_pb_text][et_pb_text _builder_version=&#8221;4.27.6&#8243; header_4_font=&#8221;&#8211;et_global_body_font||||||||&#8221; header_4_font_size=&#8221;20px&#8221; header_4_line_height=&#8221;1.3em&#8221; background_size=&#8221;initial&#8221; background_position=&#8221;top_left&#8221; background_repeat=&#8221;repeat&#8221; global_colors_info=&#8221;{}&#8221;]<\/p>\n<div class=\"bbc-19j92fr ebmt73l0\" dir=\"ltr\">\n<p>Va ser una d\u2019aquelles nits que queden gravades a la mem\u00f2ria de qui les va viure. I des d\u2019avui, tamb\u00e9 quedar\u00e0 per sempre al seu canal oficial de YouTube. Joan Manuel Serrat estrena la seva nova casa digital amb el concert que va oferir al WiZink Center de Madrid dins de la seva gira de comiat \u201cEl vicio de cantar 1965-2022\u201d. La gravaci\u00f3 pren ara una nova vida en el seu h\u00e0bitat natural.   <\/p>\n<p>Subscriviu-vos al canal. Anirem incorporant progressivament altres continguts audiovisuals: una manera de preservar i compartir, amb qualitat i context, un llegat art\u00edstic que mereix continuar bategant. <\/p>\n<p>En aquella actuaci\u00f3, com en la mateixa vida, Serrat es va negar a ocupar cap banc de parc que no fos el de la mem\u00f2ria activa. El repertori va incloure can\u00e7ons com \u201cLuc\u00eda\u201d, \u201cSe\u00f1ora\u201d, \u201cRomance del Curro el Palmo\u201d o \u201cDe cart\u00f3n piedra\u201d, recordant que els seus personatges no compleixen anys perqu\u00e8 habiten aquell territori on la ficci\u00f3 i la veritat es donen la m\u00e0. I moltes altres m\u00e9s, \u00e9s clar. Sense convidats ni sorpreses. I sense enlla\u00e7ar un repertori previsible que reun\u00eds tots els seus grans \u00e8xits. Va cantar el que va voler, com no podia ser d\u2019altra manera.     <\/p>\n<p>Els temes van sonar amb arranjaments de nova factura sota la direcci\u00f3 musical de Ricard Miralles, que va tornar a dialogar amb les harmonies serratianes des del piano. Al seu costat: Josep Mas \u201cKitflus\u201d als teclats i l\u2019electr\u00f2nica; Jos\u00e9 Miguel P\u00e9rez Sagaste al saxo i clarinet; \u00darsula Amarg\u00f3s a la viola i veus; Rai Ferrer al baix i contrabaix; David Palau a les guitarres; i Vicente Climent a la bateria. <\/p>\n<p>La realitzaci\u00f3 audiovisual recull tamb\u00e9 les projeccions que van acompanyar cada can\u00e7\u00f3: fotografies, animacions i imatges d\u2019art de diverses \u00e8poques, des de \u201cLa Gioconda\u201d de Leonardo i les seves variants meme, fins a grafitis i escenes dels murals de Banksy que van dialogar amb naturalitat amb algunes de les seves lletres.<br \/>\u201cEl vicio de cantar\u201d obre aix\u00ed una nova etapa. La m\u00fasica troba ara una finestra permanent des d\u2019on continuar compartint can\u00e7ons, mem\u00f2ria i emoci\u00f3. <\/p>\n<\/div>\n<p>[\/et_pb_text][et_pb_button button_url=&#8221;https:\/\/www.youtube.com\/channel\/UCrsOuc-CHixdfIerwY0eDZg?sub_confirmation=1&#8243; url_new_window=&#8221;on&#8221; button_text=&#8221;Subscriu-te al canal&#8221; _builder_version=&#8221;4.27.6&#8243; _module_preset=&#8221;default&#8221; custom_button=&#8221;on&#8221; button_text_size=&#8221;14px&#8221; button_bg_color=&#8221;RGBA(255,255,255,0)&#8221; button_border_width=&#8221;1px&#8221; button_border_color=&#8221;#666666&#8243; button_icon=&#8221;&#x39;||divi||400&#8243; custom_margin=&#8221;||20px||false|false&#8221; custom_padding=&#8221;||||false|false&#8221; global_colors_info=&#8221;{}&#8221; button_border_width__hover_enabled=&#8221;on|hover&#8221; button_border_width__hover=&#8221;0.5px&#8221; button_bg_color__hover_enabled=&#8221;on|hover&#8221; button_bg_color__hover=&#8221;RGBA(255,255,255,0)&#8221; button_border_color__hover_enabled=&#8221;on|hover&#8221; button_border_color__hover=&#8221;#555555&#8243;][\/et_pb_button][et_pb_video src=&#8221;https:\/\/www.youtube.com\/watch?v=Lyokx8AVuys&#038;t=79s&#8221; _builder_version=&#8221;4.27.6&#8243; _module_preset=&#8221;default&#8221; global_colors_info=&#8221;{}&#8221;][\/et_pb_video][\/et_pb_column][\/et_pb_row][\/et_pb_section]<\/p>\n","protected":false},"excerpt":{"rendered":"<p>Va ser una d\u2019aquelles nits que queden gravades a la mem\u00f2ria de qui les va viure. I des d\u2019avui, tamb\u00e9 quedar\u00e0 per sempre al seu canal oficial de YouTube. <\/p>\n","protected":false},"author":5,"featured_media":17699,"comment_status":"open","ping_status":"open","sticky":false,"template":"","format":"standard","meta":{"_et_pb_use_builder":"on","_et_pb_old_content":"","_et_gb_content_width":"","inline_featured_image":false,"footnotes":""},"categories":[65],"tags":[],"class_list":["post-17700","post","type-post","status-publish","format-standard","has-post-thumbnail","hentry","category-actualitat"],"yoast_head":"<!-- This site is optimized with the Yoast SEO plugin v27.4 - https:\/\/yoast.com\/product\/yoast-seo-wordpress\/ -->\n<title>Estrenem el YouTube oficial de Serrat amb &#039;El vici de cantar&#039;<\/title>\n<meta name=\"description\" content=\"Va ser una d&#039;aquelles nits que queden gravades a la mem\u00f2ria dels qui la van viure. I des d&#039;avui, tamb\u00e9 quedar\u00e0 al canal de YouTube.\" \/>\n<meta name=\"robots\" content=\"index, follow, max-snippet:-1, max-image-preview:large, max-video-preview:-1\" \/>\n<link rel=\"canonical\" href=\"https:\/\/jmserrat.com\/ca\/serrat-te-una-nova-casa-digital-estrenem-el-seu-youtube-oficial-amb-el-vicio-de-cantar\/\" \/>\n<meta property=\"og:locale\" content=\"ca_ES\" \/>\n<meta property=\"og:type\" content=\"article\" \/>\n<meta property=\"og:title\" content=\"Serrat t\u00e9 una nova casa digital: estrenem el seu YouTube oficial amb \u201cEl vicio de cantar\u201d\" \/>\n<meta property=\"og:description\" content=\"Va ser una d\u2019aquelles nits que queden gravades a la mem\u00f2ria de qui les va viure. I des d\u2019avui, tamb\u00e9 quedar\u00e0 per sempre al seu canal oficial de YouTube. Joan Manuel Serrat estrena la seva nova casa digital amb el concert que va oferir al WiZink Center de Madrid dins de la seva gira de comiat \u201cEl vicio de cantar 1965-2022\u201d. La gravaci\u00f3 pren ara una nova vida en el seu h\u00e0bitat natural.\" \/>\n<meta property=\"og:url\" content=\"https:\/\/jmserrat.com\/ca\/serrat-te-una-nova-casa-digital-estrenem-el-seu-youtube-oficial-amb-el-vicio-de-cantar\/\" \/>\n<meta property=\"og:site_name\" content=\"Joan Manuel Serrat\" \/>\n<meta property=\"article:publisher\" content=\"https:\/\/www.facebook.com\/joanmanuelserrat.oficial\" \/>\n<meta property=\"article:published_time\" content=\"2026-03-04T20:24:27+00:00\" \/>\n<meta property=\"article:modified_time\" content=\"2026-03-05T10:31:09+00:00\" \/>\n<meta property=\"og:image\" content=\"https:\/\/jmserrat.com\/wp-content\/uploads\/2026\/03\/joan_manuel_serrat_canal_de_youtube_web.jpg\" \/>\n<meta name=\"author\" content=\"Xavi\" \/>\n<meta name=\"twitter:card\" content=\"summary_large_image\" \/>\n<meta name=\"twitter:label1\" content=\"Escrit per\" \/>\n\t<meta name=\"twitter:data1\" content=\"Xavi\" \/>\n\t<meta name=\"twitter:label2\" content=\"Temps estimat de lectura\" \/>\n\t<meta name=\"twitter:data2\" content=\"3 minuts\" \/>\n<script type=\"application\/ld+json\" class=\"yoast-schema-graph\">{\"@context\":\"https:\\\/\\\/schema.org\",\"@graph\":[{\"@type\":\"Article\",\"@id\":\"https:\\\/\\\/jmserrat.com\\\/ca\\\/serrat-te-una-nova-casa-digital-estrenem-el-seu-youtube-oficial-amb-el-vicio-de-cantar\\\/#article\",\"isPartOf\":{\"@id\":\"https:\\\/\\\/jmserrat.com\\\/ca\\\/serrat-te-una-nova-casa-digital-estrenem-el-seu-youtube-oficial-amb-el-vicio-de-cantar\\\/\"},\"author\":{\"name\":\"Xavi\",\"@id\":\"https:\\\/\\\/jmserrat.com\\\/#\\\/schema\\\/person\\\/cad209d3cb0e4a7f3271011c5cd9f47f\"},\"headline\":\"Serrat t\u00e9 una nova casa digital: estrenem el seu YouTube oficial amb \u201cEl vicio de cantar\u201d\",\"datePublished\":\"2026-03-04T20:24:27+00:00\",\"dateModified\":\"2026-03-05T10:31:09+00:00\",\"mainEntityOfPage\":{\"@id\":\"https:\\\/\\\/jmserrat.com\\\/ca\\\/serrat-te-una-nova-casa-digital-estrenem-el-seu-youtube-oficial-amb-el-vicio-de-cantar\\\/\"},\"wordCount\":685,\"commentCount\":0,\"publisher\":{\"@id\":\"https:\\\/\\\/jmserrat.com\\\/#organization\"},\"image\":{\"@id\":\"https:\\\/\\\/jmserrat.com\\\/ca\\\/serrat-te-una-nova-casa-digital-estrenem-el-seu-youtube-oficial-amb-el-vicio-de-cantar\\\/#primaryimage\"},\"thumbnailUrl\":\"https:\\\/\\\/jmserrat.com\\\/wp-content\\\/uploads\\\/2026\\\/03\\\/joan_manuel_serrat_canal_de_youtube_web.jpg\",\"articleSection\":[\"Actualitat\"],\"inLanguage\":\"ca\",\"potentialAction\":[{\"@type\":\"CommentAction\",\"name\":\"Comment\",\"target\":[\"https:\\\/\\\/jmserrat.com\\\/ca\\\/serrat-te-una-nova-casa-digital-estrenem-el-seu-youtube-oficial-amb-el-vicio-de-cantar\\\/#respond\"]}]},{\"@type\":\"WebPage\",\"@id\":\"https:\\\/\\\/jmserrat.com\\\/ca\\\/serrat-te-una-nova-casa-digital-estrenem-el-seu-youtube-oficial-amb-el-vicio-de-cantar\\\/\",\"url\":\"https:\\\/\\\/jmserrat.com\\\/ca\\\/serrat-te-una-nova-casa-digital-estrenem-el-seu-youtube-oficial-amb-el-vicio-de-cantar\\\/\",\"name\":\"Estrenem el YouTube oficial de Serrat amb 'El vici de cantar'\",\"isPartOf\":{\"@id\":\"https:\\\/\\\/jmserrat.com\\\/#website\"},\"primaryImageOfPage\":{\"@id\":\"https:\\\/\\\/jmserrat.com\\\/ca\\\/serrat-te-una-nova-casa-digital-estrenem-el-seu-youtube-oficial-amb-el-vicio-de-cantar\\\/#primaryimage\"},\"image\":{\"@id\":\"https:\\\/\\\/jmserrat.com\\\/ca\\\/serrat-te-una-nova-casa-digital-estrenem-el-seu-youtube-oficial-amb-el-vicio-de-cantar\\\/#primaryimage\"},\"thumbnailUrl\":\"https:\\\/\\\/jmserrat.com\\\/wp-content\\\/uploads\\\/2026\\\/03\\\/joan_manuel_serrat_canal_de_youtube_web.jpg\",\"datePublished\":\"2026-03-04T20:24:27+00:00\",\"dateModified\":\"2026-03-05T10:31:09+00:00\",\"description\":\"Va ser una d'aquelles nits que queden gravades a la mem\u00f2ria dels qui la van viure. I des d'avui, tamb\u00e9 quedar\u00e0 al canal de YouTube.\",\"inLanguage\":\"ca\",\"potentialAction\":[{\"@type\":\"ReadAction\",\"target\":[\"https:\\\/\\\/jmserrat.com\\\/ca\\\/serrat-te-una-nova-casa-digital-estrenem-el-seu-youtube-oficial-amb-el-vicio-de-cantar\\\/\"]}]},{\"@type\":\"ImageObject\",\"inLanguage\":\"ca\",\"@id\":\"https:\\\/\\\/jmserrat.com\\\/ca\\\/serrat-te-una-nova-casa-digital-estrenem-el-seu-youtube-oficial-amb-el-vicio-de-cantar\\\/#primaryimage\",\"url\":\"https:\\\/\\\/jmserrat.com\\\/wp-content\\\/uploads\\\/2026\\\/03\\\/joan_manuel_serrat_canal_de_youtube_web.jpg\",\"contentUrl\":\"https:\\\/\\\/jmserrat.com\\\/wp-content\\\/uploads\\\/2026\\\/03\\\/joan_manuel_serrat_canal_de_youtube_web.jpg\",\"width\":1000,\"height\":684},{\"@type\":\"WebSite\",\"@id\":\"https:\\\/\\\/jmserrat.com\\\/#website\",\"url\":\"https:\\\/\\\/jmserrat.com\\\/\",\"name\":\"Joan Manuel Serrat\",\"description\":\"Joan Manuel Serrat\",\"publisher\":{\"@id\":\"https:\\\/\\\/jmserrat.com\\\/#organization\"},\"alternateName\":\"Joan Manuel Serrat\",\"potentialAction\":[{\"@type\":\"SearchAction\",\"target\":{\"@type\":\"EntryPoint\",\"urlTemplate\":\"https:\\\/\\\/jmserrat.com\\\/?s={search_term_string}\"},\"query-input\":{\"@type\":\"PropertyValueSpecification\",\"valueRequired\":true,\"valueName\":\"search_term_string\"}}],\"inLanguage\":\"ca\"},{\"@type\":\"Organization\",\"@id\":\"https:\\\/\\\/jmserrat.com\\\/#organization\",\"name\":\"Joan Manuel Serrat\",\"alternateName\":\"Joan Manuel Serrat\",\"url\":\"https:\\\/\\\/jmserrat.com\\\/\",\"logo\":{\"@type\":\"ImageObject\",\"inLanguage\":\"ca\",\"@id\":\"https:\\\/\\\/jmserrat.com\\\/#\\\/schema\\\/logo\\\/image\\\/\",\"url\":\"https:\\\/\\\/jmserrat.com\\\/wp-content\\\/uploads\\\/2021\\\/12\\\/JoanManuelSerratnegro.svg\",\"contentUrl\":\"https:\\\/\\\/jmserrat.com\\\/wp-content\\\/uploads\\\/2021\\\/12\\\/JoanManuelSerratnegro.svg\",\"width\":211,\"height\":19,\"caption\":\"Joan Manuel Serrat\"},\"image\":{\"@id\":\"https:\\\/\\\/jmserrat.com\\\/#\\\/schema\\\/logo\\\/image\\\/\"},\"sameAs\":[\"https:\\\/\\\/www.facebook.com\\\/joanmanuelserrat.oficial\",\"https:\\\/\\\/www.instagram.com\\\/jmserrat.oficial\\\/\"]},{\"@type\":\"Person\",\"@id\":\"https:\\\/\\\/jmserrat.com\\\/#\\\/schema\\\/person\\\/cad209d3cb0e4a7f3271011c5cd9f47f\",\"name\":\"Xavi\",\"image\":{\"@type\":\"ImageObject\",\"inLanguage\":\"ca\",\"@id\":\"https:\\\/\\\/secure.gravatar.com\\\/avatar\\\/88a4a32c991d3fc2808fc0037f170f37f664f18da82fcb23ddee8363d2eaa005?s=96&d=mm&r=g\",\"url\":\"https:\\\/\\\/secure.gravatar.com\\\/avatar\\\/88a4a32c991d3fc2808fc0037f170f37f664f18da82fcb23ddee8363d2eaa005?s=96&d=mm&r=g\",\"contentUrl\":\"https:\\\/\\\/secure.gravatar.com\\\/avatar\\\/88a4a32c991d3fc2808fc0037f170f37f664f18da82fcb23ddee8363d2eaa005?s=96&d=mm&r=g\",\"caption\":\"Xavi\"},\"url\":\"https:\\\/\\\/jmserrat.com\\\/ca\\\/author\\\/sweethomes\\\/\"}]}<\/script>\n<!-- \/ Yoast SEO plugin. -->","yoast_head_json":{"title":"Estrenem el YouTube oficial de Serrat amb 'El vici de cantar'","description":"Va ser una d'aquelles nits que queden gravades a la mem\u00f2ria dels qui la van viure. I des d'avui, tamb\u00e9 quedar\u00e0 al canal de YouTube.","robots":{"index":"index","follow":"follow","max-snippet":"max-snippet:-1","max-image-preview":"max-image-preview:large","max-video-preview":"max-video-preview:-1"},"canonical":"https:\/\/jmserrat.com\/ca\/serrat-te-una-nova-casa-digital-estrenem-el-seu-youtube-oficial-amb-el-vicio-de-cantar\/","og_locale":"ca_ES","og_type":"article","og_title":"Serrat t\u00e9 una nova casa digital: estrenem el seu YouTube oficial amb \u201cEl vicio de cantar\u201d","og_description":"Va ser una d\u2019aquelles nits que queden gravades a la mem\u00f2ria de qui les va viure. I des d\u2019avui, tamb\u00e9 quedar\u00e0 per sempre al seu canal oficial de YouTube. Joan Manuel Serrat estrena la seva nova casa digital amb el concert que va oferir al WiZink Center de Madrid dins de la seva gira de comiat \u201cEl vicio de cantar 1965-2022\u201d. La gravaci\u00f3 pren ara una nova vida en el seu h\u00e0bitat natural.","og_url":"https:\/\/jmserrat.com\/ca\/serrat-te-una-nova-casa-digital-estrenem-el-seu-youtube-oficial-amb-el-vicio-de-cantar\/","og_site_name":"Joan Manuel Serrat","article_publisher":"https:\/\/www.facebook.com\/joanmanuelserrat.oficial","article_published_time":"2026-03-04T20:24:27+00:00","article_modified_time":"2026-03-05T10:31:09+00:00","og_image":[{"url":"https:\/\/jmserrat.com\/wp-content\/uploads\/2026\/03\/joan_manuel_serrat_canal_de_youtube_web.jpg","type":"","width":"","height":""}],"author":"Xavi","twitter_card":"summary_large_image","twitter_misc":{"Escrit per":"Xavi","Temps estimat de lectura":"3 minuts"},"schema":{"@context":"https:\/\/schema.org","@graph":[{"@type":"Article","@id":"https:\/\/jmserrat.com\/ca\/serrat-te-una-nova-casa-digital-estrenem-el-seu-youtube-oficial-amb-el-vicio-de-cantar\/#article","isPartOf":{"@id":"https:\/\/jmserrat.com\/ca\/serrat-te-una-nova-casa-digital-estrenem-el-seu-youtube-oficial-amb-el-vicio-de-cantar\/"},"author":{"name":"Xavi","@id":"https:\/\/jmserrat.com\/#\/schema\/person\/cad209d3cb0e4a7f3271011c5cd9f47f"},"headline":"Serrat t\u00e9 una nova casa digital: estrenem el seu YouTube oficial amb \u201cEl vicio de cantar\u201d","datePublished":"2026-03-04T20:24:27+00:00","dateModified":"2026-03-05T10:31:09+00:00","mainEntityOfPage":{"@id":"https:\/\/jmserrat.com\/ca\/serrat-te-una-nova-casa-digital-estrenem-el-seu-youtube-oficial-amb-el-vicio-de-cantar\/"},"wordCount":685,"commentCount":0,"publisher":{"@id":"https:\/\/jmserrat.com\/#organization"},"image":{"@id":"https:\/\/jmserrat.com\/ca\/serrat-te-una-nova-casa-digital-estrenem-el-seu-youtube-oficial-amb-el-vicio-de-cantar\/#primaryimage"},"thumbnailUrl":"https:\/\/jmserrat.com\/wp-content\/uploads\/2026\/03\/joan_manuel_serrat_canal_de_youtube_web.jpg","articleSection":["Actualitat"],"inLanguage":"ca","potentialAction":[{"@type":"CommentAction","name":"Comment","target":["https:\/\/jmserrat.com\/ca\/serrat-te-una-nova-casa-digital-estrenem-el-seu-youtube-oficial-amb-el-vicio-de-cantar\/#respond"]}]},{"@type":"WebPage","@id":"https:\/\/jmserrat.com\/ca\/serrat-te-una-nova-casa-digital-estrenem-el-seu-youtube-oficial-amb-el-vicio-de-cantar\/","url":"https:\/\/jmserrat.com\/ca\/serrat-te-una-nova-casa-digital-estrenem-el-seu-youtube-oficial-amb-el-vicio-de-cantar\/","name":"Estrenem el YouTube oficial de Serrat amb 'El vici de cantar'","isPartOf":{"@id":"https:\/\/jmserrat.com\/#website"},"primaryImageOfPage":{"@id":"https:\/\/jmserrat.com\/ca\/serrat-te-una-nova-casa-digital-estrenem-el-seu-youtube-oficial-amb-el-vicio-de-cantar\/#primaryimage"},"image":{"@id":"https:\/\/jmserrat.com\/ca\/serrat-te-una-nova-casa-digital-estrenem-el-seu-youtube-oficial-amb-el-vicio-de-cantar\/#primaryimage"},"thumbnailUrl":"https:\/\/jmserrat.com\/wp-content\/uploads\/2026\/03\/joan_manuel_serrat_canal_de_youtube_web.jpg","datePublished":"2026-03-04T20:24:27+00:00","dateModified":"2026-03-05T10:31:09+00:00","description":"Va ser una d'aquelles nits que queden gravades a la mem\u00f2ria dels qui la van viure. I des d'avui, tamb\u00e9 quedar\u00e0 al canal de YouTube.","inLanguage":"ca","potentialAction":[{"@type":"ReadAction","target":["https:\/\/jmserrat.com\/ca\/serrat-te-una-nova-casa-digital-estrenem-el-seu-youtube-oficial-amb-el-vicio-de-cantar\/"]}]},{"@type":"ImageObject","inLanguage":"ca","@id":"https:\/\/jmserrat.com\/ca\/serrat-te-una-nova-casa-digital-estrenem-el-seu-youtube-oficial-amb-el-vicio-de-cantar\/#primaryimage","url":"https:\/\/jmserrat.com\/wp-content\/uploads\/2026\/03\/joan_manuel_serrat_canal_de_youtube_web.jpg","contentUrl":"https:\/\/jmserrat.com\/wp-content\/uploads\/2026\/03\/joan_manuel_serrat_canal_de_youtube_web.jpg","width":1000,"height":684},{"@type":"WebSite","@id":"https:\/\/jmserrat.com\/#website","url":"https:\/\/jmserrat.com\/","name":"Joan Manuel Serrat","description":"Joan Manuel Serrat","publisher":{"@id":"https:\/\/jmserrat.com\/#organization"},"alternateName":"Joan Manuel Serrat","potentialAction":[{"@type":"SearchAction","target":{"@type":"EntryPoint","urlTemplate":"https:\/\/jmserrat.com\/?s={search_term_string}"},"query-input":{"@type":"PropertyValueSpecification","valueRequired":true,"valueName":"search_term_string"}}],"inLanguage":"ca"},{"@type":"Organization","@id":"https:\/\/jmserrat.com\/#organization","name":"Joan Manuel Serrat","alternateName":"Joan Manuel Serrat","url":"https:\/\/jmserrat.com\/","logo":{"@type":"ImageObject","inLanguage":"ca","@id":"https:\/\/jmserrat.com\/#\/schema\/logo\/image\/","url":"https:\/\/jmserrat.com\/wp-content\/uploads\/2021\/12\/JoanManuelSerratnegro.svg","contentUrl":"https:\/\/jmserrat.com\/wp-content\/uploads\/2021\/12\/JoanManuelSerratnegro.svg","width":211,"height":19,"caption":"Joan Manuel Serrat"},"image":{"@id":"https:\/\/jmserrat.com\/#\/schema\/logo\/image\/"},"sameAs":["https:\/\/www.facebook.com\/joanmanuelserrat.oficial","https:\/\/www.instagram.com\/jmserrat.oficial\/"]},{"@type":"Person","@id":"https:\/\/jmserrat.com\/#\/schema\/person\/cad209d3cb0e4a7f3271011c5cd9f47f","name":"Xavi","image":{"@type":"ImageObject","inLanguage":"ca","@id":"https:\/\/secure.gravatar.com\/avatar\/88a4a32c991d3fc2808fc0037f170f37f664f18da82fcb23ddee8363d2eaa005?s=96&d=mm&r=g","url":"https:\/\/secure.gravatar.com\/avatar\/88a4a32c991d3fc2808fc0037f170f37f664f18da82fcb23ddee8363d2eaa005?s=96&d=mm&r=g","contentUrl":"https:\/\/secure.gravatar.com\/avatar\/88a4a32c991d3fc2808fc0037f170f37f664f18da82fcb23ddee8363d2eaa005?s=96&d=mm&r=g","caption":"Xavi"},"url":"https:\/\/jmserrat.com\/ca\/author\/sweethomes\/"}]}},"_links":{"self":[{"href":"https:\/\/jmserrat.com\/ca\/wp-json\/wp\/v2\/posts\/17700","targetHints":{"allow":["GET"]}}],"collection":[{"href":"https:\/\/jmserrat.com\/ca\/wp-json\/wp\/v2\/posts"}],"about":[{"href":"https:\/\/jmserrat.com\/ca\/wp-json\/wp\/v2\/types\/post"}],"author":[{"embeddable":true,"href":"https:\/\/jmserrat.com\/ca\/wp-json\/wp\/v2\/users\/5"}],"replies":[{"embeddable":true,"href":"https:\/\/jmserrat.com\/ca\/wp-json\/wp\/v2\/comments?post=17700"}],"version-history":[{"count":6,"href":"https:\/\/jmserrat.com\/ca\/wp-json\/wp\/v2\/posts\/17700\/revisions"}],"predecessor-version":[{"id":17722,"href":"https:\/\/jmserrat.com\/ca\/wp-json\/wp\/v2\/posts\/17700\/revisions\/17722"}],"wp:featuredmedia":[{"embeddable":true,"href":"https:\/\/jmserrat.com\/ca\/wp-json\/wp\/v2\/media\/17699"}],"wp:attachment":[{"href":"https:\/\/jmserrat.com\/ca\/wp-json\/wp\/v2\/media?parent=17700"}],"wp:term":[{"taxonomy":"category","embeddable":true,"href":"https:\/\/jmserrat.com\/ca\/wp-json\/wp\/v2\/categories?post=17700"},{"taxonomy":"post_tag","embeddable":true,"href":"https:\/\/jmserrat.com\/ca\/wp-json\/wp\/v2\/tags?post=17700"}],"curies":[{"name":"wp","href":"https:\/\/api.w.org\/{rel}","templated":true}]}}